{"id":9429,"date":"2024-11-28T10:32:40","date_gmt":"2024-11-28T16:32:40","guid":{"rendered":"https:\/\/blogs.acatlan.unam.mx\/saladeprensa\/?p=9429"},"modified":"2025-01-10T18:56:22","modified_gmt":"2025-01-11T00:56:22","slug":"egresado-de-acatlan-dejo-huella-en-europa","status":"publish","type":"post","link":"https:\/\/blogs.acatlan.unam.mx\/saladeprensa\/2024\/11\/28\/egresado-de-acatlan-dejo-huella-en-europa\/","title":{"rendered":"Egresado de Acatl\u00e1n dej\u00f3 huella en Europa"},"content":{"rendered":"\n<a href=\"https:\/\/imgur.com\/YagLu4T\"><img decoding=\"async\" src=\"https:\/\/i.imgur.com\/YagLu4Tl.jpg\" title=\"source: imgur.com\" \/><\/a>\n\n\n\n<h4 class=\"wp-block-heading\">\u2022 Omar Guadarrama platic\u00f3 sobre el espect\u00e1culo Rec\/Pause, <em>Traves\u00edas de la Memoria<\/em><\/h4>\n\n\n\n<p class=\"wp-block-paragraph\">Omar Guadarrama Aguirre, egresado de la licenciatura en Comunicaci\u00f3n de nuestra facultad y radicado en Alemania desde hace siete a\u00f1os, triunfa en Europa y present\u00f3 en el Teatro <em>Javier Barros Sierra<\/em> el espect\u00e1culo <em>Rec\/Pause, Traves\u00edas de la Memoria<\/em>.<\/p>\n\n\n\n<figure class=\"wp-block-embed is-type-video is-provider-youtube wp-block-embed-youtube wp-embed-aspect-16-9 wp-has-aspect-ratio\"><div class=\"wp-block-embed__wrapper\">\n<iframe loading=\"lazy\" title=\"#50Acatl\u00e1n | Egresado de Acatl\u00e1n dej\u00f3 huella en Europa\" width=\"500\" height=\"281\" src=\"https:\/\/www.youtube.com\/embed\/fLpkXy0a7F8?feature=oembed\" frameborder=\"0\" allow=\"accelerometer; autoplay; clipboard-write; encrypted-media; gyroscope; picture-in-picture; web-share\" referrerpolicy=\"strict-origin-when-cross-origin\" allowfullscreen><\/iframe>\n<\/div><\/figure>\n\n\n\n<!--more-->\n\n\n\n<p class=\"wp-block-paragraph\">Luego de tener \u00e9xito en Alemania y Colombia, Guadarrama Aguirre eligi\u00f3 la Facultad de Estudios Superiores (FES) Acatl\u00e1n como escenario para estrenar en M\u00e9xico dicho espect\u00e1culo, que forma parte del proyecto esc\u00e9nico de largo aliento denominado <em>Trilog\u00eda de la Memoria<\/em>.<\/p>\n\n\n\n<a href=\"https:\/\/imgur.com\/cXFTw0j\"><img decoding=\"async\" src=\"https:\/\/i.imgur.com\/cXFTw0jl.jpg\" title=\"source: imgur.com\" \/><\/a>\n\n\n\n<p class=\"wp-block-paragraph\">\u201cMe interes\u00f3 mucho el tema de la memoria, eje rector, y su vinculaci\u00f3n con distintos fen\u00f3menos a trav\u00e9s de distintas \u00e1reas del conocimiento. En este caso, el primer proyecto fue <em>Conquista 21, Luchar por el Destino,<\/em> donde involucr\u00e9 la memoria, el concepto de La Conquista y distintos tipos de violencias y crueldades que proliferan todav\u00eda desde hace m\u00e1s de 500 a\u00f1os que llegaron los espa\u00f1oles\u201d, explic\u00f3 en entrevista.<\/p>\n\n\n\n<p class=\"wp-block-paragraph\">El segundo proyecto, denominado <em>Club Bellek<\/em>, \u201cdonde yo entr\u00e9 a un club de futbol turco en Alemania para involucrarme con esta comunidad, pues quer\u00eda reflexionar sobre las diferencias o afinidades que tenemos tanto la comunidad turca como la mexicana, entonces ah\u00ed hice un mon\u00f3logo teatral sobre la memoria, la migraci\u00f3n y el futbol como fen\u00f3meno\u201d.<\/p>\n\n\n\n<a href=\"https:\/\/imgur.com\/eiBbCYM\"><img decoding=\"async\" src=\"https:\/\/i.imgur.com\/eiBbCYMl.jpg\" title=\"source: imgur.com\" \/><\/a>\n\n\n\n<p class=\"wp-block-paragraph\"><em>Rec\/Pause, Traves\u00edas de la Memoria<\/em> aborda tres temas fundamentales: la migraci\u00f3n, la memoria y la m\u00fasica, y prepararlo implic\u00f3 larga investigaci\u00f3n de un a\u00f1o en la que el tambi\u00e9n licenciado en actuaci\u00f3n por la Escuela Nacional de Arte y beneficiario del&nbsp;Programa Creadores Esc\u00e9nicos 2023, en la categor\u00eda de interdisciplina del Sistema de Apoyos a la Creaci\u00f3n y Proyectos Culturales (SACPC) de la Secretar\u00eda de Cultura, se reuni\u00f3 con migrantes de Alemania, Espa\u00f1a y M\u00e9xico.<\/p>\n\n\n\n<a href=\"https:\/\/imgur.com\/I0AT3UW\"><img decoding=\"async\" src=\"https:\/\/i.imgur.com\/I0AT3UWl.jpg\" title=\"source: imgur.com\" \/><\/a>\n\n\n\n<p class=\"wp-block-paragraph\">El principal inter\u00e9s de la investigaci\u00f3n, pr\u00e1cticamente antropol\u00f3gica, como \u00e9l mismo la calific\u00f3, era conocer los gustos musicales de los migrantes de las referidas naciones, entonces \u201cles pregunt\u00e9 cu\u00e1l es la canci\u00f3n que al escucharla te recuerda tu lugar de origen, y cu\u00e1l fue la \u00faltima canci\u00f3n que escuchaste cuando saliste de dicho lugar\u201d.<\/p>\n\n\n\n<p class=\"wp-block-paragraph\">A partir de la informaci\u00f3n obtenida, abund\u00f3 Guadarrama Aguirre, el objetivo consisti\u00f3 en reflexionar c\u00f3mo a trav\u00e9s de la m\u00fasica se crean comunidades en torno a la migraci\u00f3n desde distintos tipos de \u00e9sta, porque no es igual la que sucede en Espa\u00f1a o Alemania, a la que ocurre desde M\u00e9xico hacia Estados Unidos.<\/p>\n\n\n\n<a href=\"https:\/\/imgur.com\/kyxOnEI\"><img decoding=\"async\" src=\"https:\/\/i.imgur.com\/kyxOnEIl.jpg\" title=\"source: imgur.com\" \/><\/a>\n\n\n\n<p class=\"wp-block-paragraph\"><em>Rec\/Pause, Traves\u00edas de la Memoria<\/em> consta de un cat\u00e1logo de canciones, voces, im\u00e1genes y videos, que Guadarrama Aguirre mezcla de manera perform\u00e1tica para que el p\u00fablico tenga la experiencia m\u00e1s que una obra de teatro como tal, un performance en el que el espectador ver\u00e1 experiencias en torno a las memorias migrantes a trav\u00e9s de la m\u00fasica.<\/p>\n\n\n\n<p class=\"wp-block-paragraph\">Despu\u00e9s de la presentaci\u00f3n en la FES Acatl\u00e1n, el performance tuvo como escenario la Universidad Aut\u00f3noma Chapingo.<\/p>\n\n\n<div class=\"wp-block-site-logo\"><a href=\"https:\/\/blogs.acatlan.unam.mx\/saladeprensa\/\" class=\"custom-logo-link\" rel=\"home\"><img loading=\"lazy\" decoding=\"async\" width=\"27\" height=\"20\" src=\"https:\/\/blogs.acatlan.unam.mx\/saladeprensa\/files\/2025\/01\/Logotipo-50-Aniversario-color.png\" class=\"custom-logo\" alt=\"NotiFES Digital\" srcset=\"https:\/\/blogs.acatlan.unam.mx\/saladeprensa\/files\/2025\/01\/Logotipo-50-Aniversario-color.png 4500w, https:\/\/blogs.acatlan.unam.mx\/saladeprensa\/files\/2025\/01\/Logotipo-50-Aniversario-color-1060x800.png 1060w, https:\/\/blogs.acatlan.unam.mx\/saladeprensa\/files\/2025\/01\/Logotipo-50-Aniversario-color-150x113.png 150w, https:\/\/blogs.acatlan.unam.mx\/saladeprensa\/files\/2025\/01\/Logotipo-50-Aniversario-color-768x580.png 768w, https:\/\/blogs.acatlan.unam.mx\/saladeprensa\/files\/2025\/01\/Logotipo-50-Aniversario-color-1536x1160.png 1536w, https:\/\/blogs.acatlan.unam.mx\/saladeprensa\/files\/2025\/01\/Logotipo-50-Aniversario-color-2048x1546.png 2048w\" sizes=\"auto, (max-width: 27px) 100vw, 27px\" \/><\/a><\/div>\n\n\n<a href=\"https:\/\/imgur.com\/kuQs0dP\"><img decoding=\"async\" src=\"https:\/\/i.imgur.com\/kuQs0dPl.jpg\" title=\"source: imgur.com\" \/><\/a>\n","protected":false},"excerpt":{"rendered":"<p>\u2022 Omar Guadarrama platic\u00f3 sobre el espect\u00e1culo Rec\/Pause, Traves\u00edas de la Memoria Omar Guadarrama Aguirre, egresado de la licenciatura en Comunicaci\u00f3n de nuestra facultad y radicado en Alemania desde hace siete a\u00f1os, triunfa en Europa y present\u00f3 en el Teatro Javier Barros Sierra el espect\u00e1culo Rec\/Pause, Traves\u00edas de la Memoria.<\/p>\n","protected":false},"author":48,"featured_media":0,"comment_status":"closed","ping_status":"closed","sticky":false,"template":"","format":"standard","meta":{"_exactmetrics_skip_tracking":false,"fifu_image_url":"","fifu_image_alt":"","footnotes":""},"categories":[2],"tags":[],"class_list":["post-9429","post","type-post","status-publish","format-standard","hentry","category-boletines"],"yoast_head":"<!-- This site is optimized with the Yoast SEO plugin v28.1 - https:\/\/yoast.com\/product\/yoast-seo-wordpress\/ -->\n<title>Egresado de Acatl\u00e1n dej\u00f3 huella en Europa - NotiFES Digital<\/title>\n<meta name=\"robots\" content=\"index, follow, max-snippet:-1, max-image-preview:large, max-video-preview:-1\" \/>\n<link rel=\"canonical\" href=\"https:\/\/blogs.acatlan.unam.mx\/saladeprensa\/2024\/11\/28\/egresado-de-acatlan-dejo-huella-en-europa\/\" \/>\n<meta property=\"og:locale\" content=\"es_ES\" \/>\n<meta property=\"og:type\" content=\"article\" \/>\n<meta property=\"og:title\" content=\"Egresado de Acatl\u00e1n dej\u00f3 huella en Europa - NotiFES Digital\" \/>\n<meta property=\"og:description\" content=\"\u2022 Omar Guadarrama platic\u00f3 sobre el espect\u00e1culo Rec\/Pause, Traves\u00edas de la Memoria Omar Guadarrama Aguirre, egresado de la licenciatura en Comunicaci\u00f3n de nuestra facultad y radicado en Alemania desde hace siete a\u00f1os, triunfa en Europa y present\u00f3 en el Teatro Javier Barros Sierra el espect\u00e1culo Rec\/Pause, Traves\u00edas de la Memoria.\" \/>\n<meta property=\"og:url\" content=\"https:\/\/blogs.acatlan.unam.mx\/saladeprensa\/2024\/11\/28\/egresado-de-acatlan-dejo-huella-en-europa\/\" \/>\n<meta property=\"og:site_name\" content=\"NotiFES Digital\" \/>\n<meta property=\"article:published_time\" content=\"2024-11-28T16:32:40+00:00\" \/>\n<meta property=\"article:modified_time\" content=\"2025-01-11T00:56:22+00:00\" \/>\n<meta property=\"og:image\" content=\"https:\/\/i.imgur.com\/YagLu4Tl.jpg\" \/>\n<meta name=\"author\" content=\"NotiFES Digital\" \/>\n<meta name=\"twitter:card\" content=\"summary_large_image\" \/>\n<meta name=\"twitter:label1\" content=\"Escrito por\" \/>\n\t<meta name=\"twitter:data1\" content=\"NotiFES Digital\" \/>\n\t<meta name=\"twitter:label2\" content=\"Tiempo de lectura\" \/>\n\t<meta name=\"twitter:data2\" content=\"4 minutos\" \/>\n<script type=\"application\/ld+json\" class=\"yoast-schema-graph\">{\"@context\":\"https:\\\/\\\/schema.org\",\"@graph\":[{\"@type\":\"Article\",\"@id\":\"https:\\\/\\\/blogs.acatlan.unam.mx\\\/saladeprensa\\\/2024\\\/11\\\/28\\\/egresado-de-acatlan-dejo-huella-en-europa\\\/#article\",\"isPartOf\":{\"@id\":\"https:\\\/\\\/blogs.acatlan.unam.mx\\\/saladeprensa\\\/2024\\\/11\\\/28\\\/egresado-de-acatlan-dejo-huella-en-europa\\\/\"},\"author\":{\"name\":\"NotiFES Digital\",\"@id\":\"https:\\\/\\\/blogs.acatlan.unam.mx\\\/saladeprensa\\\/#\\\/schema\\\/person\\\/89d21726fc33d9770774677815935a53\"},\"headline\":\"Egresado de Acatl\u00e1n dej\u00f3 huella en Europa\",\"datePublished\":\"2024-11-28T16:32:40+00:00\",\"dateModified\":\"2025-01-11T00:56:22+00:00\",\"mainEntityOfPage\":{\"@id\":\"https:\\\/\\\/blogs.acatlan.unam.mx\\\/saladeprensa\\\/2024\\\/11\\\/28\\\/egresado-de-acatlan-dejo-huella-en-europa\\\/\"},\"wordCount\":549,\"publisher\":{\"@id\":\"https:\\\/\\\/blogs.acatlan.unam.mx\\\/saladeprensa\\\/#organization\"},\"image\":{\"@id\":\"https:\\\/\\\/blogs.acatlan.unam.mx\\\/saladeprensa\\\/2024\\\/11\\\/28\\\/egresado-de-acatlan-dejo-huella-en-europa\\\/#primaryimage\"},\"thumbnailUrl\":\"https:\\\/\\\/i.imgur.com\\\/YagLu4Tl.jpg\",\"articleSection\":[\"Boletines\"],\"inLanguage\":\"es\"},{\"@type\":\"WebPage\",\"@id\":\"https:\\\/\\\/blogs.acatlan.unam.mx\\\/saladeprensa\\\/2024\\\/11\\\/28\\\/egresado-de-acatlan-dejo-huella-en-europa\\\/\",\"url\":\"https:\\\/\\\/blogs.acatlan.unam.mx\\\/saladeprensa\\\/2024\\\/11\\\/28\\\/egresado-de-acatlan-dejo-huella-en-europa\\\/\",\"name\":\"Egresado de Acatl\u00e1n dej\u00f3 huella en Europa - NotiFES Digital\",\"isPartOf\":{\"@id\":\"https:\\\/\\\/blogs.acatlan.unam.mx\\\/saladeprensa\\\/#website\"},\"primaryImageOfPage\":{\"@id\":\"https:\\\/\\\/blogs.acatlan.unam.mx\\\/saladeprensa\\\/2024\\\/11\\\/28\\\/egresado-de-acatlan-dejo-huella-en-europa\\\/#primaryimage\"},\"image\":{\"@id\":\"https:\\\/\\\/blogs.acatlan.unam.mx\\\/saladeprensa\\\/2024\\\/11\\\/28\\\/egresado-de-acatlan-dejo-huella-en-europa\\\/#primaryimage\"},\"thumbnailUrl\":\"https:\\\/\\\/i.imgur.com\\\/YagLu4Tl.jpg\",\"datePublished\":\"2024-11-28T16:32:40+00:00\",\"dateModified\":\"2025-01-11T00:56:22+00:00\",\"breadcrumb\":{\"@id\":\"https:\\\/\\\/blogs.acatlan.unam.mx\\\/saladeprensa\\\/2024\\\/11\\\/28\\\/egresado-de-acatlan-dejo-huella-en-europa\\\/#breadcrumb\"},\"inLanguage\":\"es\",\"potentialAction\":[{\"@type\":\"ReadAction\",\"target\":[\"https:\\\/\\\/blogs.acatlan.unam.mx\\\/saladeprensa\\\/2024\\\/11\\\/28\\\/egresado-de-acatlan-dejo-huella-en-europa\\\/\"]}]},{\"@type\":\"ImageObject\",\"inLanguage\":\"es\",\"@id\":\"https:\\\/\\\/blogs.acatlan.unam.mx\\\/saladeprensa\\\/2024\\\/11\\\/28\\\/egresado-de-acatlan-dejo-huella-en-europa\\\/#primaryimage\",\"url\":\"https:\\\/\\\/i.imgur.com\\\/YagLu4Tl.jpg\",\"contentUrl\":\"https:\\\/\\\/i.imgur.com\\\/YagLu4Tl.jpg\"},{\"@type\":\"BreadcrumbList\",\"@id\":\"https:\\\/\\\/blogs.acatlan.unam.mx\\\/saladeprensa\\\/2024\\\/11\\\/28\\\/egresado-de-acatlan-dejo-huella-en-europa\\\/#breadcrumb\",\"itemListElement\":[{\"@type\":\"ListItem\",\"position\":1,\"name\":\"Portada\",\"item\":\"https:\\\/\\\/blogs.acatlan.unam.mx\\\/saladeprensa\\\/\"},{\"@type\":\"ListItem\",\"position\":2,\"name\":\"Egresado de Acatl\u00e1n dej\u00f3 huella en Europa\"}]},{\"@type\":\"WebSite\",\"@id\":\"https:\\\/\\\/blogs.acatlan.unam.mx\\\/saladeprensa\\\/#website\",\"url\":\"https:\\\/\\\/blogs.acatlan.unam.mx\\\/saladeprensa\\\/\",\"name\":\"NotiFES Digital\",\"description\":\"Sitio dedicado a la difusi\u00f3n de noticias de la FES Acatl\u00e1n\",\"publisher\":{\"@id\":\"https:\\\/\\\/blogs.acatlan.unam.mx\\\/saladeprensa\\\/#organization\"},\"potentialAction\":[{\"@type\":\"SearchAction\",\"target\":{\"@type\":\"EntryPoint\",\"urlTemplate\":\"https:\\\/\\\/blogs.acatlan.unam.mx\\\/saladeprensa\\\/?s={search_term_string}\"},\"query-input\":{\"@type\":\"PropertyValueSpecification\",\"valueRequired\":true,\"valueName\":\"search_term_string\"}}],\"inLanguage\":\"es\"},{\"@type\":\"Organization\",\"@id\":\"https:\\\/\\\/blogs.acatlan.unam.mx\\\/saladeprensa\\\/#organization\",\"name\":\"NotiFES Digital\",\"url\":\"https:\\\/\\\/blogs.acatlan.unam.mx\\\/saladeprensa\\\/\",\"logo\":{\"@type\":\"ImageObject\",\"inLanguage\":\"es\",\"@id\":\"https:\\\/\\\/blogs.acatlan.unam.mx\\\/saladeprensa\\\/#\\\/schema\\\/logo\\\/image\\\/\",\"url\":\"https:\\\/\\\/blogs.acatlan.unam.mx\\\/saladeprensa\\\/files\\\/2025\\\/01\\\/Logotipo-50-Aniversario-color.png\",\"contentUrl\":\"https:\\\/\\\/blogs.acatlan.unam.mx\\\/saladeprensa\\\/files\\\/2025\\\/01\\\/Logotipo-50-Aniversario-color.png\",\"width\":4500,\"height\":3397,\"caption\":\"NotiFES Digital\"},\"image\":{\"@id\":\"https:\\\/\\\/blogs.acatlan.unam.mx\\\/saladeprensa\\\/#\\\/schema\\\/logo\\\/image\\\/\"}},{\"@type\":\"Person\",\"@id\":\"https:\\\/\\\/blogs.acatlan.unam.mx\\\/saladeprensa\\\/#\\\/schema\\\/person\\\/89d21726fc33d9770774677815935a53\",\"name\":\"NotiFES Digital\",\"image\":{\"@type\":\"ImageObject\",\"inLanguage\":\"es\",\"@id\":\"https:\\\/\\\/secure.gravatar.com\\\/avatar\\\/6480d699d37abf2c2302dda8d8e2845fc451e65b0e3dfcfa130e3e30475b9dd3?s=96&d=mm&r=g\",\"url\":\"https:\\\/\\\/secure.gravatar.com\\\/avatar\\\/6480d699d37abf2c2302dda8d8e2845fc451e65b0e3dfcfa130e3e30475b9dd3?s=96&d=mm&r=g\",\"contentUrl\":\"https:\\\/\\\/secure.gravatar.com\\\/avatar\\\/6480d699d37abf2c2302dda8d8e2845fc451e65b0e3dfcfa130e3e30475b9dd3?s=96&d=mm&r=g\",\"caption\":\"NotiFES Digital\"},\"url\":\"https:\\\/\\\/blogs.acatlan.unam.mx\\\/saladeprensa\\\/author\\\/saladeprensa\\\/\"}]}<\/script>\n<!-- \/ Yoast SEO plugin. -->","yoast_head_json":{"title":"Egresado de Acatl\u00e1n dej\u00f3 huella en Europa - NotiFES Digital","robots":{"index":"index","follow":"follow","max-snippet":"max-snippet:-1","max-image-preview":"max-image-preview:large","max-video-preview":"max-video-preview:-1"},"canonical":"https:\/\/blogs.acatlan.unam.mx\/saladeprensa\/2024\/11\/28\/egresado-de-acatlan-dejo-huella-en-europa\/","og_locale":"es_ES","og_type":"article","og_title":"Egresado de Acatl\u00e1n dej\u00f3 huella en Europa - NotiFES Digital","og_description":"\u2022 Omar Guadarrama platic\u00f3 sobre el espect\u00e1culo Rec\/Pause, Traves\u00edas de la Memoria Omar Guadarrama Aguirre, egresado de la licenciatura en Comunicaci\u00f3n de nuestra facultad y radicado en Alemania desde hace siete a\u00f1os, triunfa en Europa y present\u00f3 en el Teatro Javier Barros Sierra el espect\u00e1culo Rec\/Pause, Traves\u00edas de la Memoria.","og_url":"https:\/\/blogs.acatlan.unam.mx\/saladeprensa\/2024\/11\/28\/egresado-de-acatlan-dejo-huella-en-europa\/","og_site_name":"NotiFES Digital","article_published_time":"2024-11-28T16:32:40+00:00","article_modified_time":"2025-01-11T00:56:22+00:00","og_image":[{"url":"https:\/\/i.imgur.com\/YagLu4Tl.jpg","type":"","width":"","height":""}],"author":"NotiFES Digital","twitter_card":"summary_large_image","twitter_misc":{"Escrito por":"NotiFES Digital","Tiempo de lectura":"4 minutos"},"schema":{"@context":"https:\/\/schema.org","@graph":[{"@type":"Article","@id":"https:\/\/blogs.acatlan.unam.mx\/saladeprensa\/2024\/11\/28\/egresado-de-acatlan-dejo-huella-en-europa\/#article","isPartOf":{"@id":"https:\/\/blogs.acatlan.unam.mx\/saladeprensa\/2024\/11\/28\/egresado-de-acatlan-dejo-huella-en-europa\/"},"author":{"name":"NotiFES Digital","@id":"https:\/\/blogs.acatlan.unam.mx\/saladeprensa\/#\/schema\/person\/89d21726fc33d9770774677815935a53"},"headline":"Egresado de Acatl\u00e1n dej\u00f3 huella en Europa","datePublished":"2024-11-28T16:32:40+00:00","dateModified":"2025-01-11T00:56:22+00:00","mainEntityOfPage":{"@id":"https:\/\/blogs.acatlan.unam.mx\/saladeprensa\/2024\/11\/28\/egresado-de-acatlan-dejo-huella-en-europa\/"},"wordCount":549,"publisher":{"@id":"https:\/\/blogs.acatlan.unam.mx\/saladeprensa\/#organization"},"image":{"@id":"https:\/\/blogs.acatlan.unam.mx\/saladeprensa\/2024\/11\/28\/egresado-de-acatlan-dejo-huella-en-europa\/#primaryimage"},"thumbnailUrl":"https:\/\/i.imgur.com\/YagLu4Tl.jpg","articleSection":["Boletines"],"inLanguage":"es"},{"@type":"WebPage","@id":"https:\/\/blogs.acatlan.unam.mx\/saladeprensa\/2024\/11\/28\/egresado-de-acatlan-dejo-huella-en-europa\/","url":"https:\/\/blogs.acatlan.unam.mx\/saladeprensa\/2024\/11\/28\/egresado-de-acatlan-dejo-huella-en-europa\/","name":"Egresado de Acatl\u00e1n dej\u00f3 huella en Europa - NotiFES Digital","isPartOf":{"@id":"https:\/\/blogs.acatlan.unam.mx\/saladeprensa\/#website"},"primaryImageOfPage":{"@id":"https:\/\/blogs.acatlan.unam.mx\/saladeprensa\/2024\/11\/28\/egresado-de-acatlan-dejo-huella-en-europa\/#primaryimage"},"image":{"@id":"https:\/\/blogs.acatlan.unam.mx\/saladeprensa\/2024\/11\/28\/egresado-de-acatlan-dejo-huella-en-europa\/#primaryimage"},"thumbnailUrl":"https:\/\/i.imgur.com\/YagLu4Tl.jpg","datePublished":"2024-11-28T16:32:40+00:00","dateModified":"2025-01-11T00:56:22+00:00","breadcrumb":{"@id":"https:\/\/blogs.acatlan.unam.mx\/saladeprensa\/2024\/11\/28\/egresado-de-acatlan-dejo-huella-en-europa\/#breadcrumb"},"inLanguage":"es","potentialAction":[{"@type":"ReadAction","target":["https:\/\/blogs.acatlan.unam.mx\/saladeprensa\/2024\/11\/28\/egresado-de-acatlan-dejo-huella-en-europa\/"]}]},{"@type":"ImageObject","inLanguage":"es","@id":"https:\/\/blogs.acatlan.unam.mx\/saladeprensa\/2024\/11\/28\/egresado-de-acatlan-dejo-huella-en-europa\/#primaryimage","url":"https:\/\/i.imgur.com\/YagLu4Tl.jpg","contentUrl":"https:\/\/i.imgur.com\/YagLu4Tl.jpg"},{"@type":"BreadcrumbList","@id":"https:\/\/blogs.acatlan.unam.mx\/saladeprensa\/2024\/11\/28\/egresado-de-acatlan-dejo-huella-en-europa\/#breadcrumb","itemListElement":[{"@type":"ListItem","position":1,"name":"Portada","item":"https:\/\/blogs.acatlan.unam.mx\/saladeprensa\/"},{"@type":"ListItem","position":2,"name":"Egresado de Acatl\u00e1n dej\u00f3 huella en Europa"}]},{"@type":"WebSite","@id":"https:\/\/blogs.acatlan.unam.mx\/saladeprensa\/#website","url":"https:\/\/blogs.acatlan.unam.mx\/saladeprensa\/","name":"NotiFES Digital","description":"Sitio dedicado a la difusi\u00f3n de noticias de la FES Acatl\u00e1n","publisher":{"@id":"https:\/\/blogs.acatlan.unam.mx\/saladeprensa\/#organization"},"potentialAction":[{"@type":"SearchAction","target":{"@type":"EntryPoint","urlTemplate":"https:\/\/blogs.acatlan.unam.mx\/saladeprensa\/?s={search_term_string}"},"query-input":{"@type":"PropertyValueSpecification","valueRequired":true,"valueName":"search_term_string"}}],"inLanguage":"es"},{"@type":"Organization","@id":"https:\/\/blogs.acatlan.unam.mx\/saladeprensa\/#organization","name":"NotiFES Digital","url":"https:\/\/blogs.acatlan.unam.mx\/saladeprensa\/","logo":{"@type":"ImageObject","inLanguage":"es","@id":"https:\/\/blogs.acatlan.unam.mx\/saladeprensa\/#\/schema\/logo\/image\/","url":"https:\/\/blogs.acatlan.unam.mx\/saladeprensa\/files\/2025\/01\/Logotipo-50-Aniversario-color.png","contentUrl":"https:\/\/blogs.acatlan.unam.mx\/saladeprensa\/files\/2025\/01\/Logotipo-50-Aniversario-color.png","width":4500,"height":3397,"caption":"NotiFES Digital"},"image":{"@id":"https:\/\/blogs.acatlan.unam.mx\/saladeprensa\/#\/schema\/logo\/image\/"}},{"@type":"Person","@id":"https:\/\/blogs.acatlan.unam.mx\/saladeprensa\/#\/schema\/person\/89d21726fc33d9770774677815935a53","name":"NotiFES Digital","image":{"@type":"ImageObject","inLanguage":"es","@id":"https:\/\/secure.gravatar.com\/avatar\/6480d699d37abf2c2302dda8d8e2845fc451e65b0e3dfcfa130e3e30475b9dd3?s=96&d=mm&r=g","url":"https:\/\/secure.gravatar.com\/avatar\/6480d699d37abf2c2302dda8d8e2845fc451e65b0e3dfcfa130e3e30475b9dd3?s=96&d=mm&r=g","contentUrl":"https:\/\/secure.gravatar.com\/avatar\/6480d699d37abf2c2302dda8d8e2845fc451e65b0e3dfcfa130e3e30475b9dd3?s=96&d=mm&r=g","caption":"NotiFES Digital"},"url":"https:\/\/blogs.acatlan.unam.mx\/saladeprensa\/author\/saladeprensa\/"}]}},"_links":{"self":[{"href":"https:\/\/blogs.acatlan.unam.mx\/saladeprensa\/wp-json\/wp\/v2\/posts\/9429","targetHints":{"allow":["GET"]}}],"collection":[{"href":"https:\/\/blogs.acatlan.unam.mx\/saladeprensa\/wp-json\/wp\/v2\/posts"}],"about":[{"href":"https:\/\/blogs.acatlan.unam.mx\/saladeprensa\/wp-json\/wp\/v2\/types\/post"}],"author":[{"embeddable":true,"href":"https:\/\/blogs.acatlan.unam.mx\/saladeprensa\/wp-json\/wp\/v2\/users\/48"}],"replies":[{"embeddable":true,"href":"https:\/\/blogs.acatlan.unam.mx\/saladeprensa\/wp-json\/wp\/v2\/comments?post=9429"}],"version-history":[{"count":6,"href":"https:\/\/blogs.acatlan.unam.mx\/saladeprensa\/wp-json\/wp\/v2\/posts\/9429\/revisions"}],"predecessor-version":[{"id":9624,"href":"https:\/\/blogs.acatlan.unam.mx\/saladeprensa\/wp-json\/wp\/v2\/posts\/9429\/revisions\/9624"}],"wp:attachment":[{"href":"https:\/\/blogs.acatlan.unam.mx\/saladeprensa\/wp-json\/wp\/v2\/media?parent=9429"}],"wp:term":[{"taxonomy":"category","embeddable":true,"href":"https:\/\/blogs.acatlan.unam.mx\/saladeprensa\/wp-json\/wp\/v2\/categories?post=9429"},{"taxonomy":"post_tag","embeddable":true,"href":"https:\/\/blogs.acatlan.unam.mx\/saladeprensa\/wp-json\/wp\/v2\/tags?post=9429"}],"curies":[{"name":"wp","href":"https:\/\/api.w.org\/{rel}","templated":true}]}}