{"id":6350,"date":"2022-11-10T13:59:01","date_gmt":"2022-11-10T19:59:01","guid":{"rendered":"http:\/\/blogs.acatlan.unam.mx\/saladeprensa\/?p=6350"},"modified":"2022-11-10T13:59:01","modified_gmt":"2022-11-10T19:59:01","slug":"refugios-para-mujeres-violentadas","status":"publish","type":"post","link":"https:\/\/blogs.acatlan.unam.mx\/saladeprensa\/2022\/11\/10\/refugios-para-mujeres-violentadas\/","title":{"rendered":"Refugios para mujeres violentadas"},"content":{"rendered":"<p><a href=\"https:\/\/imgur.com\/GNGNcMk\"><img decoding=\"async\" title=\"source: imgur.com\" src=\"https:\/\/i.imgur.com\/GNGNcMkl.png\" \/><\/a><\/p>\n<h4>\u2022 La conferencia ofreci\u00f3 testimonios de acompa\u00f1amiento, orientaci\u00f3n y apoyo a quienes son v\u00edctimas de violencia, lo mismo que sus hijos<\/h4>\n<p>\u201cNo se sabe en qu\u00e9 momento comienza la violencia, porque se hace visible hasta que es f\u00edsica, quiz\u00e1 antes ocurri\u00f3 la violencia psicol\u00f3gica, econ\u00f3mica, sexual. Despu\u00e9s viene la \u2018luna de miel\u2019, cuando la persona generadora de violencia intenta pedir perd\u00f3n, resarcir la relaci\u00f3n, crear nuevos v\u00ednculos para regresar a la convivencia adecuada. Y, la acumulaci\u00f3n de tensi\u00f3n, cuando la persona generadora de violencia se cansa de tener que ganarse el perd\u00f3n y suceden todas las situaciones que anteceden al hecho violento f\u00edsico nuevo\u201d, se\u00f1al\u00f3 el licenciado H\u00e9ctor Alfonso Ortega Cano, del Instituto de las Mujeres Naucalpenses y la Igualdad Sustantiva.<\/p>\n<p><!--more--><\/p>\n<p>Al participar en la conferencia <em>Refugios para mujeres v\u00edctimas de violencia,<\/em> en la Facultad de Estudios Superiores Acatl\u00e1n, incluy\u00f3 testimonios de trabajadores involucrados de forma directa con el apoyo, orientaci\u00f3n y acompa\u00f1amiento de personas violentadas que, junto con sus hijas e hijos se encuentran en situaciones de vulnerabilidad.<\/p>\n<p><a href=\"https:\/\/imgur.com\/Ey2mCNR\"><img decoding=\"async\" title=\"source: imgur.com\" src=\"https:\/\/i.imgur.com\/Ey2mCNRl.png\" \/><\/a><\/p>\n<p>Entre las tareas del Instituto se encuentran brindar asesor\u00eda y acompa\u00f1amiento psicol\u00f3gico a las mujeres que solicitan este tipo de ayuda; atenci\u00f3n integral de acompa\u00f1amiento en procesos complejos de v\u00edctimas de violencia familiar y, en sus casos, a hijas e hijos.<\/p>\n<p>Ortega Cano agreg\u00f3, en su ponencia v\u00eda Z<em>oom<\/em>, que \u201cno siempre llegan listas, no llegan con la idea que se van a refugiar. Quieren hacer algo, no saben qu\u00e9. Salen en la medida que es posible. Hay ocasiones que llegan sin hijas o hijos con los que se van a refugiar, ah\u00ed tenemos que estar atentos para que en la medida de lo posible se haga una recuperaci\u00f3n\u201d, mencion\u00f3.<\/p>\n<p><a href=\"https:\/\/imgur.com\/VaRUqyh\"><img decoding=\"async\" title=\"source: imgur.com\" src=\"https:\/\/i.imgur.com\/VaRUqyhl.png\" \/><\/a><\/p>\n<p>Por su parte, la maestra Ang\u00e9lica Arroyo Gonz\u00e1lez, Subdirectora de Espacios y Mecanismos de Refugio de la Secretar\u00eda de Mujeres del Estado de M\u00e9xico, se refiri\u00f3 a los refugios para mujeres violentadas que hay en la entidad mexiquense, y coment\u00f3 que \u201cal momento contamos con nueve refugios y una casa de transici\u00f3n, tenemos que seguir ampliando estos espacios que son necesarios, nuestro objetivo es llegar a 15 en total, todav\u00eda m\u00e1s para abrir de manera estrat\u00e9gica en todo el Estado de M\u00e9xico\u201d.<\/p>\n<p>Arroyo Gonz\u00e1lez explic\u00f3 que \u201cen los refugios de la Secretar\u00eda de la Mujer se cuenta con psicolog\u00eda infantil, espec\u00edfica para estos ni\u00f1os que buscamos reintegrarlos, porque muchas veces las violencias son para las mujeres y para los ni\u00f1os. Atenci\u00f3n m\u00e9dica, que tambi\u00e9n juega un papel importante. Durante la estancia, que puede ser de tres meses como m\u00e1ximo, se trabaja la parte psicol\u00f3gica, jur\u00eddica y trabajo social, y si una mujer manifiesta que no quiere estar en refugios, no podemos obligarla\u201d.<\/p>\n<p><a href=\"https:\/\/imgur.com\/ZbEuyNQ\"><img decoding=\"async\" title=\"source: imgur.com\" src=\"https:\/\/i.imgur.com\/ZbEuyNQl.png\" \/><\/a><\/p>\n<p>A su vez, la licenciada Maleny D\u00edaz Brito, del grupo de trabajo de la Norma Oficial Mexicana (NOM) de refugios habl\u00f3 precisamente de las acciones emprendidas por el grupo multidisciplinario para obtener la NOM, las regulaciones t\u00e9cnicas obligatorias, \u201cel 13 de mayo de 2021 se public\u00f3 el proyecto por la Secretar\u00eda de Econom\u00eda, el objetivo es regular la prestaci\u00f3n de servicios de refugios para mujeres v\u00edctimas de violencia familiar o extrema. Las ni\u00f1as, ni\u00f1os y adolescentes v\u00edctimas de violencia familiar acuden a los refugios con sus madres\u201d.<\/p>\n<p>La tambi\u00e9n Coordinadora del Seminario de Derechos Humanos explic\u00f3 que \u201clas mujeres en situaci\u00f3n de violencia requieren atenci\u00f3n especializadas en un lugar seguro donde puedan resguardarse para proteger su integridad, su vida y la de sus hijas e hijos, pueden acceder a servicios gratuitos en espacios especializados, seguros y confidenciales que ofrezcan atenci\u00f3n, protecci\u00f3n y servicio de calidad\u201d.<\/p>\n<p><a href=\"https:\/\/imgur.com\/Y53MCls\"><img decoding=\"async\" title=\"source: imgur.com\" src=\"https:\/\/i.imgur.com\/Y53MClsl.png\" \/><\/a><\/p>\n","protected":false},"excerpt":{"rendered":"<p>\u2022 La conferencia ofreci\u00f3 testimonios de acompa\u00f1amiento, orientaci\u00f3n y apoyo a quienes son v\u00edctimas de violencia, lo mismo que sus hijos \u201cNo se sabe en qu\u00e9 momento comienza la violencia, porque se hace visible hasta que es f\u00edsica, quiz\u00e1 antes ocurri\u00f3 la violencia psicol\u00f3gica, econ\u00f3mica, sexual. Despu\u00e9s viene la \u2018luna de miel\u2019, cuando la persona [&hellip;]<\/p>\n","protected":false},"author":48,"featured_media":0,"comment_status":"closed","ping_status":"closed","sticky":false,"template":"","format":"standard","meta":{"_exactmetrics_skip_tracking":false,"fifu_image_url":"","fifu_image_alt":"","footnotes":""},"categories":[2],"tags":[],"class_list":["post-6350","post","type-post","status-publish","format-standard","hentry","category-boletines"],"yoast_head":"<!-- This site is optimized with the Yoast SEO plugin v28.1 - https:\/\/yoast.com\/product\/yoast-seo-wordpress\/ -->\n<title>Refugios para mujeres violentadas - NotiFES Digital<\/title>\n<meta name=\"robots\" content=\"index, follow, max-snippet:-1, max-image-preview:large, max-video-preview:-1\" \/>\n<link rel=\"canonical\" href=\"https:\/\/blogs.acatlan.unam.mx\/saladeprensa\/2022\/11\/10\/refugios-para-mujeres-violentadas\/\" \/>\n<meta property=\"og:locale\" content=\"es_ES\" \/>\n<meta property=\"og:type\" content=\"article\" \/>\n<meta property=\"og:title\" content=\"Refugios para mujeres violentadas - NotiFES Digital\" \/>\n<meta property=\"og:description\" content=\"\u2022 La conferencia ofreci\u00f3 testimonios de acompa\u00f1amiento, orientaci\u00f3n y apoyo a quienes son v\u00edctimas de violencia, lo mismo que sus hijos \u201cNo se sabe en qu\u00e9 momento comienza la violencia, porque se hace visible hasta que es f\u00edsica, quiz\u00e1 antes ocurri\u00f3 la violencia psicol\u00f3gica, econ\u00f3mica, sexual. Despu\u00e9s viene la \u2018luna de miel\u2019, cuando la persona [&hellip;]\" \/>\n<meta property=\"og:url\" content=\"https:\/\/blogs.acatlan.unam.mx\/saladeprensa\/2022\/11\/10\/refugios-para-mujeres-violentadas\/\" \/>\n<meta property=\"og:site_name\" content=\"NotiFES Digital\" \/>\n<meta property=\"article:published_time\" content=\"2022-11-10T19:59:01+00:00\" \/>\n<meta property=\"og:image\" content=\"https:\/\/i.imgur.com\/GNGNcMkl.png\" \/>\n<meta name=\"author\" content=\"NotiFES Digital\" \/>\n<meta name=\"twitter:card\" content=\"summary_large_image\" \/>\n<meta name=\"twitter:label1\" content=\"Escrito por\" \/>\n\t<meta name=\"twitter:data1\" content=\"NotiFES Digital\" \/>\n\t<meta name=\"twitter:label2\" content=\"Tiempo de lectura\" \/>\n\t<meta name=\"twitter:data2\" content=\"3 minutos\" \/>\n<script type=\"application\/ld+json\" class=\"yoast-schema-graph\">{\"@context\":\"https:\\\/\\\/schema.org\",\"@graph\":[{\"@type\":\"Article\",\"@id\":\"https:\\\/\\\/blogs.acatlan.unam.mx\\\/saladeprensa\\\/2022\\\/11\\\/10\\\/refugios-para-mujeres-violentadas\\\/#article\",\"isPartOf\":{\"@id\":\"https:\\\/\\\/blogs.acatlan.unam.mx\\\/saladeprensa\\\/2022\\\/11\\\/10\\\/refugios-para-mujeres-violentadas\\\/\"},\"author\":{\"name\":\"NotiFES Digital\",\"@id\":\"https:\\\/\\\/blogs.acatlan.unam.mx\\\/saladeprensa\\\/#\\\/schema\\\/person\\\/89d21726fc33d9770774677815935a53\"},\"headline\":\"Refugios para mujeres violentadas\",\"datePublished\":\"2022-11-10T19:59:01+00:00\",\"mainEntityOfPage\":{\"@id\":\"https:\\\/\\\/blogs.acatlan.unam.mx\\\/saladeprensa\\\/2022\\\/11\\\/10\\\/refugios-para-mujeres-violentadas\\\/\"},\"wordCount\":649,\"publisher\":{\"@id\":\"https:\\\/\\\/blogs.acatlan.unam.mx\\\/saladeprensa\\\/#organization\"},\"image\":{\"@id\":\"https:\\\/\\\/blogs.acatlan.unam.mx\\\/saladeprensa\\\/2022\\\/11\\\/10\\\/refugios-para-mujeres-violentadas\\\/#primaryimage\"},\"thumbnailUrl\":\"https:\\\/\\\/i.imgur.com\\\/GNGNcMkl.png\",\"articleSection\":[\"Boletines\"],\"inLanguage\":\"es\"},{\"@type\":\"WebPage\",\"@id\":\"https:\\\/\\\/blogs.acatlan.unam.mx\\\/saladeprensa\\\/2022\\\/11\\\/10\\\/refugios-para-mujeres-violentadas\\\/\",\"url\":\"https:\\\/\\\/blogs.acatlan.unam.mx\\\/saladeprensa\\\/2022\\\/11\\\/10\\\/refugios-para-mujeres-violentadas\\\/\",\"name\":\"Refugios para mujeres violentadas - NotiFES Digital\",\"isPartOf\":{\"@id\":\"https:\\\/\\\/blogs.acatlan.unam.mx\\\/saladeprensa\\\/#website\"},\"primaryImageOfPage\":{\"@id\":\"https:\\\/\\\/blogs.acatlan.unam.mx\\\/saladeprensa\\\/2022\\\/11\\\/10\\\/refugios-para-mujeres-violentadas\\\/#primaryimage\"},\"image\":{\"@id\":\"https:\\\/\\\/blogs.acatlan.unam.mx\\\/saladeprensa\\\/2022\\\/11\\\/10\\\/refugios-para-mujeres-violentadas\\\/#primaryimage\"},\"thumbnailUrl\":\"https:\\\/\\\/i.imgur.com\\\/GNGNcMkl.png\",\"datePublished\":\"2022-11-10T19:59:01+00:00\",\"breadcrumb\":{\"@id\":\"https:\\\/\\\/blogs.acatlan.unam.mx\\\/saladeprensa\\\/2022\\\/11\\\/10\\\/refugios-para-mujeres-violentadas\\\/#breadcrumb\"},\"inLanguage\":\"es\",\"potentialAction\":[{\"@type\":\"ReadAction\",\"target\":[\"https:\\\/\\\/blogs.acatlan.unam.mx\\\/saladeprensa\\\/2022\\\/11\\\/10\\\/refugios-para-mujeres-violentadas\\\/\"]}]},{\"@type\":\"ImageObject\",\"inLanguage\":\"es\",\"@id\":\"https:\\\/\\\/blogs.acatlan.unam.mx\\\/saladeprensa\\\/2022\\\/11\\\/10\\\/refugios-para-mujeres-violentadas\\\/#primaryimage\",\"url\":\"https:\\\/\\\/i.imgur.com\\\/GNGNcMkl.png\",\"contentUrl\":\"https:\\\/\\\/i.imgur.com\\\/GNGNcMkl.png\"},{\"@type\":\"BreadcrumbList\",\"@id\":\"https:\\\/\\\/blogs.acatlan.unam.mx\\\/saladeprensa\\\/2022\\\/11\\\/10\\\/refugios-para-mujeres-violentadas\\\/#breadcrumb\",\"itemListElement\":[{\"@type\":\"ListItem\",\"position\":1,\"name\":\"Portada\",\"item\":\"https:\\\/\\\/blogs.acatlan.unam.mx\\\/saladeprensa\\\/\"},{\"@type\":\"ListItem\",\"position\":2,\"name\":\"Refugios para mujeres violentadas\"}]},{\"@type\":\"WebSite\",\"@id\":\"https:\\\/\\\/blogs.acatlan.unam.mx\\\/saladeprensa\\\/#website\",\"url\":\"https:\\\/\\\/blogs.acatlan.unam.mx\\\/saladeprensa\\\/\",\"name\":\"NotiFES Digital\",\"description\":\"Sitio dedicado a la difusi\u00f3n de noticias de la FES Acatl\u00e1n\",\"publisher\":{\"@id\":\"https:\\\/\\\/blogs.acatlan.unam.mx\\\/saladeprensa\\\/#organization\"},\"potentialAction\":[{\"@type\":\"SearchAction\",\"target\":{\"@type\":\"EntryPoint\",\"urlTemplate\":\"https:\\\/\\\/blogs.acatlan.unam.mx\\\/saladeprensa\\\/?s={search_term_string}\"},\"query-input\":{\"@type\":\"PropertyValueSpecification\",\"valueRequired\":true,\"valueName\":\"search_term_string\"}}],\"inLanguage\":\"es\"},{\"@type\":\"Organization\",\"@id\":\"https:\\\/\\\/blogs.acatlan.unam.mx\\\/saladeprensa\\\/#organization\",\"name\":\"NotiFES Digital\",\"url\":\"https:\\\/\\\/blogs.acatlan.unam.mx\\\/saladeprensa\\\/\",\"logo\":{\"@type\":\"ImageObject\",\"inLanguage\":\"es\",\"@id\":\"https:\\\/\\\/blogs.acatlan.unam.mx\\\/saladeprensa\\\/#\\\/schema\\\/logo\\\/image\\\/\",\"url\":\"https:\\\/\\\/blogs.acatlan.unam.mx\\\/saladeprensa\\\/files\\\/2025\\\/01\\\/Logotipo-50-Aniversario-color.png\",\"contentUrl\":\"https:\\\/\\\/blogs.acatlan.unam.mx\\\/saladeprensa\\\/files\\\/2025\\\/01\\\/Logotipo-50-Aniversario-color.png\",\"width\":4500,\"height\":3397,\"caption\":\"NotiFES Digital\"},\"image\":{\"@id\":\"https:\\\/\\\/blogs.acatlan.unam.mx\\\/saladeprensa\\\/#\\\/schema\\\/logo\\\/image\\\/\"}},{\"@type\":\"Person\",\"@id\":\"https:\\\/\\\/blogs.acatlan.unam.mx\\\/saladeprensa\\\/#\\\/schema\\\/person\\\/89d21726fc33d9770774677815935a53\",\"name\":\"NotiFES Digital\",\"image\":{\"@type\":\"ImageObject\",\"inLanguage\":\"es\",\"@id\":\"https:\\\/\\\/secure.gravatar.com\\\/avatar\\\/6480d699d37abf2c2302dda8d8e2845fc451e65b0e3dfcfa130e3e30475b9dd3?s=96&d=mm&r=g\",\"url\":\"https:\\\/\\\/secure.gravatar.com\\\/avatar\\\/6480d699d37abf2c2302dda8d8e2845fc451e65b0e3dfcfa130e3e30475b9dd3?s=96&d=mm&r=g\",\"contentUrl\":\"https:\\\/\\\/secure.gravatar.com\\\/avatar\\\/6480d699d37abf2c2302dda8d8e2845fc451e65b0e3dfcfa130e3e30475b9dd3?s=96&d=mm&r=g\",\"caption\":\"NotiFES Digital\"},\"url\":\"https:\\\/\\\/blogs.acatlan.unam.mx\\\/saladeprensa\\\/author\\\/saladeprensa\\\/\"}]}<\/script>\n<!-- \/ Yoast SEO plugin. -->","yoast_head_json":{"title":"Refugios para mujeres violentadas - NotiFES Digital","robots":{"index":"index","follow":"follow","max-snippet":"max-snippet:-1","max-image-preview":"max-image-preview:large","max-video-preview":"max-video-preview:-1"},"canonical":"https:\/\/blogs.acatlan.unam.mx\/saladeprensa\/2022\/11\/10\/refugios-para-mujeres-violentadas\/","og_locale":"es_ES","og_type":"article","og_title":"Refugios para mujeres violentadas - NotiFES Digital","og_description":"\u2022 La conferencia ofreci\u00f3 testimonios de acompa\u00f1amiento, orientaci\u00f3n y apoyo a quienes son v\u00edctimas de violencia, lo mismo que sus hijos \u201cNo se sabe en qu\u00e9 momento comienza la violencia, porque se hace visible hasta que es f\u00edsica, quiz\u00e1 antes ocurri\u00f3 la violencia psicol\u00f3gica, econ\u00f3mica, sexual. Despu\u00e9s viene la \u2018luna de miel\u2019, cuando la persona [&hellip;]","og_url":"https:\/\/blogs.acatlan.unam.mx\/saladeprensa\/2022\/11\/10\/refugios-para-mujeres-violentadas\/","og_site_name":"NotiFES Digital","article_published_time":"2022-11-10T19:59:01+00:00","og_image":[{"url":"https:\/\/i.imgur.com\/GNGNcMkl.png","type":"","width":"","height":""}],"author":"NotiFES Digital","twitter_card":"summary_large_image","twitter_misc":{"Escrito por":"NotiFES Digital","Tiempo de lectura":"3 minutos"},"schema":{"@context":"https:\/\/schema.org","@graph":[{"@type":"Article","@id":"https:\/\/blogs.acatlan.unam.mx\/saladeprensa\/2022\/11\/10\/refugios-para-mujeres-violentadas\/#article","isPartOf":{"@id":"https:\/\/blogs.acatlan.unam.mx\/saladeprensa\/2022\/11\/10\/refugios-para-mujeres-violentadas\/"},"author":{"name":"NotiFES Digital","@id":"https:\/\/blogs.acatlan.unam.mx\/saladeprensa\/#\/schema\/person\/89d21726fc33d9770774677815935a53"},"headline":"Refugios para mujeres violentadas","datePublished":"2022-11-10T19:59:01+00:00","mainEntityOfPage":{"@id":"https:\/\/blogs.acatlan.unam.mx\/saladeprensa\/2022\/11\/10\/refugios-para-mujeres-violentadas\/"},"wordCount":649,"publisher":{"@id":"https:\/\/blogs.acatlan.unam.mx\/saladeprensa\/#organization"},"image":{"@id":"https:\/\/blogs.acatlan.unam.mx\/saladeprensa\/2022\/11\/10\/refugios-para-mujeres-violentadas\/#primaryimage"},"thumbnailUrl":"https:\/\/i.imgur.com\/GNGNcMkl.png","articleSection":["Boletines"],"inLanguage":"es"},{"@type":"WebPage","@id":"https:\/\/blogs.acatlan.unam.mx\/saladeprensa\/2022\/11\/10\/refugios-para-mujeres-violentadas\/","url":"https:\/\/blogs.acatlan.unam.mx\/saladeprensa\/2022\/11\/10\/refugios-para-mujeres-violentadas\/","name":"Refugios para mujeres violentadas - NotiFES Digital","isPartOf":{"@id":"https:\/\/blogs.acatlan.unam.mx\/saladeprensa\/#website"},"primaryImageOfPage":{"@id":"https:\/\/blogs.acatlan.unam.mx\/saladeprensa\/2022\/11\/10\/refugios-para-mujeres-violentadas\/#primaryimage"},"image":{"@id":"https:\/\/blogs.acatlan.unam.mx\/saladeprensa\/2022\/11\/10\/refugios-para-mujeres-violentadas\/#primaryimage"},"thumbnailUrl":"https:\/\/i.imgur.com\/GNGNcMkl.png","datePublished":"2022-11-10T19:59:01+00:00","breadcrumb":{"@id":"https:\/\/blogs.acatlan.unam.mx\/saladeprensa\/2022\/11\/10\/refugios-para-mujeres-violentadas\/#breadcrumb"},"inLanguage":"es","potentialAction":[{"@type":"ReadAction","target":["https:\/\/blogs.acatlan.unam.mx\/saladeprensa\/2022\/11\/10\/refugios-para-mujeres-violentadas\/"]}]},{"@type":"ImageObject","inLanguage":"es","@id":"https:\/\/blogs.acatlan.unam.mx\/saladeprensa\/2022\/11\/10\/refugios-para-mujeres-violentadas\/#primaryimage","url":"https:\/\/i.imgur.com\/GNGNcMkl.png","contentUrl":"https:\/\/i.imgur.com\/GNGNcMkl.png"},{"@type":"BreadcrumbList","@id":"https:\/\/blogs.acatlan.unam.mx\/saladeprensa\/2022\/11\/10\/refugios-para-mujeres-violentadas\/#breadcrumb","itemListElement":[{"@type":"ListItem","position":1,"name":"Portada","item":"https:\/\/blogs.acatlan.unam.mx\/saladeprensa\/"},{"@type":"ListItem","position":2,"name":"Refugios para mujeres violentadas"}]},{"@type":"WebSite","@id":"https:\/\/blogs.acatlan.unam.mx\/saladeprensa\/#website","url":"https:\/\/blogs.acatlan.unam.mx\/saladeprensa\/","name":"NotiFES Digital","description":"Sitio dedicado a la difusi\u00f3n de noticias de la FES Acatl\u00e1n","publisher":{"@id":"https:\/\/blogs.acatlan.unam.mx\/saladeprensa\/#organization"},"potentialAction":[{"@type":"SearchAction","target":{"@type":"EntryPoint","urlTemplate":"https:\/\/blogs.acatlan.unam.mx\/saladeprensa\/?s={search_term_string}"},"query-input":{"@type":"PropertyValueSpecification","valueRequired":true,"valueName":"search_term_string"}}],"inLanguage":"es"},{"@type":"Organization","@id":"https:\/\/blogs.acatlan.unam.mx\/saladeprensa\/#organization","name":"NotiFES Digital","url":"https:\/\/blogs.acatlan.unam.mx\/saladeprensa\/","logo":{"@type":"ImageObject","inLanguage":"es","@id":"https:\/\/blogs.acatlan.unam.mx\/saladeprensa\/#\/schema\/logo\/image\/","url":"https:\/\/blogs.acatlan.unam.mx\/saladeprensa\/files\/2025\/01\/Logotipo-50-Aniversario-color.png","contentUrl":"https:\/\/blogs.acatlan.unam.mx\/saladeprensa\/files\/2025\/01\/Logotipo-50-Aniversario-color.png","width":4500,"height":3397,"caption":"NotiFES Digital"},"image":{"@id":"https:\/\/blogs.acatlan.unam.mx\/saladeprensa\/#\/schema\/logo\/image\/"}},{"@type":"Person","@id":"https:\/\/blogs.acatlan.unam.mx\/saladeprensa\/#\/schema\/person\/89d21726fc33d9770774677815935a53","name":"NotiFES Digital","image":{"@type":"ImageObject","inLanguage":"es","@id":"https:\/\/secure.gravatar.com\/avatar\/6480d699d37abf2c2302dda8d8e2845fc451e65b0e3dfcfa130e3e30475b9dd3?s=96&d=mm&r=g","url":"https:\/\/secure.gravatar.com\/avatar\/6480d699d37abf2c2302dda8d8e2845fc451e65b0e3dfcfa130e3e30475b9dd3?s=96&d=mm&r=g","contentUrl":"https:\/\/secure.gravatar.com\/avatar\/6480d699d37abf2c2302dda8d8e2845fc451e65b0e3dfcfa130e3e30475b9dd3?s=96&d=mm&r=g","caption":"NotiFES Digital"},"url":"https:\/\/blogs.acatlan.unam.mx\/saladeprensa\/author\/saladeprensa\/"}]}},"_links":{"self":[{"href":"https:\/\/blogs.acatlan.unam.mx\/saladeprensa\/wp-json\/wp\/v2\/posts\/6350","targetHints":{"allow":["GET"]}}],"collection":[{"href":"https:\/\/blogs.acatlan.unam.mx\/saladeprensa\/wp-json\/wp\/v2\/posts"}],"about":[{"href":"https:\/\/blogs.acatlan.unam.mx\/saladeprensa\/wp-json\/wp\/v2\/types\/post"}],"author":[{"embeddable":true,"href":"https:\/\/blogs.acatlan.unam.mx\/saladeprensa\/wp-json\/wp\/v2\/users\/48"}],"replies":[{"embeddable":true,"href":"https:\/\/blogs.acatlan.unam.mx\/saladeprensa\/wp-json\/wp\/v2\/comments?post=6350"}],"version-history":[{"count":1,"href":"https:\/\/blogs.acatlan.unam.mx\/saladeprensa\/wp-json\/wp\/v2\/posts\/6350\/revisions"}],"predecessor-version":[{"id":6351,"href":"https:\/\/blogs.acatlan.unam.mx\/saladeprensa\/wp-json\/wp\/v2\/posts\/6350\/revisions\/6351"}],"wp:attachment":[{"href":"https:\/\/blogs.acatlan.unam.mx\/saladeprensa\/wp-json\/wp\/v2\/media?parent=6350"}],"wp:term":[{"taxonomy":"category","embeddable":true,"href":"https:\/\/blogs.acatlan.unam.mx\/saladeprensa\/wp-json\/wp\/v2\/categories?post=6350"},{"taxonomy":"post_tag","embeddable":true,"href":"https:\/\/blogs.acatlan.unam.mx\/saladeprensa\/wp-json\/wp\/v2\/tags?post=6350"}],"curies":[{"name":"wp","href":"https:\/\/api.w.org\/{rel}","templated":true}]}}