{"id":6209,"date":"2022-09-14T17:58:34","date_gmt":"2022-09-14T22:58:34","guid":{"rendered":"http:\/\/blogs.acatlan.unam.mx\/saladeprensa\/?p=6209"},"modified":"2022-09-26T11:29:14","modified_gmt":"2022-09-26T16:29:14","slug":"egresado-de-comunicacion-gano-en-premios-inmobiliarios-vivanuncios-2021","status":"publish","type":"post","link":"https:\/\/blogs.acatlan.unam.mx\/saladeprensa\/2022\/09\/14\/egresado-de-comunicacion-gano-en-premios-inmobiliarios-vivanuncios-2021\/","title":{"rendered":"Egresado de comunicaci\u00f3n gan\u00f3 en <em>Premios Inmobiliarios Vivanuncios 2021<\/em>"},"content":{"rendered":"<p><a href=\"https:\/\/imgur.com\/zzVbmwD\"><img decoding=\"async\" title=\"source: imgur.com\" src=\"https:\/\/i.imgur.com\/zzVbmwDl.jpg\" \/><\/a><\/p>\n<h4>\u2022 Carlos Ivan P\u00e9rez Rojo fue galardonado por su labor como periodista especializado en el sector inmobiliario<\/h4>\n<p>Carlos Ivan P\u00e9rez Rojo, egresado de la licenciatura en Comunicaci\u00f3n de la Facultad de Estudios Superiores Acatl\u00e1n, fue reconocido en los <em>Premios Inmobiliarios Vivanuncios 2021<\/em>. El portal entreg\u00f3 un reconocimiento al universitario por considerarlo el mejor periodista especializado en el sector inmobiliario. \u201cEl tener el premio es un doble gozo\u201d, expres\u00f3 el galardonado, pues para \u00e9l ya era un triunfo la nominaci\u00f3n junto con otros medios y colegas reconocidos.<\/p>\n<p><!--more--><\/p>\n<p>En entrevista, P\u00e9rez Rojo, egresado de la generaci\u00f3n 2012-2016, rememor\u00f3 que se especializ\u00f3 en este \u00e1mbito al comenzar a trabajar en la Asociaci\u00f3n Mexicana de Profesionales Inmobiliarios (AMPI), jugar donde observ\u00f3 que exist\u00eda un \u00e1rea de oportunidad desaprovechada, por lo que se empez\u00f3 a capacitar y se certific\u00f3 en bienes ra\u00edces sin dejar de lado la comunicaci\u00f3n.<\/p>\n<p>El egresado es fundador de una agencia de publicidad especializada en bienes ra\u00edces y edita las revistas <em>El Profesional Inmobiliario<\/em> y <em>Enlace inmobiliario<\/em>, adem\u00e1s, colabor\u00f3 y fue titular del programa <em>Pulso Inmobiliario<\/em>. Actualmente, P\u00e9rez Rojo cuenta con la secci\u00f3n <em>Real Estate News<\/em> en el programa de inversiones inmobiliarias de Imagen Televisi\u00f3n e Imagen Radio, y es coordinador de Comunicaci\u00f3n y Relaciones P\u00fablicas en la AMPI cap\u00edtulo Ciudad de M\u00e9xico. De igual forma, se ha desempe\u00f1ado como conferencista y es reconocido como l\u00edder de opini\u00f3n en el mercado de bienes ra\u00edces.<\/p>\n<p><a href=\"https:\/\/imgur.com\/aptafkZ\"><img decoding=\"async\" title=\"source: imgur.com\" src=\"https:\/\/i.imgur.com\/aptafkZl.jpg\" \/><\/a><\/p>\n<p>El universitario de 29 a\u00f1os de edad resalt\u00f3 que uno de los retos a los que se ha enfrentado dentro del mundo de bienes ra\u00edces es que \u201clos j\u00f3venes no son tomados en cuenta, no hay confianza, no hay credibilidad, el mismo cliente y el resto de compa\u00f1eros asesores no conf\u00edan en ti\u201d. El galardonado coment\u00f3 que, como respuesta, cre\u00f3 un programa de j\u00f3venes para impulsarlos dentro del sector, uno de los logros de los que se siente m\u00e1s orgulloso y un tema en el que continuar\u00e1 trabajando.<\/p>\n<p>\u201cEl decir \u2018soy egresado de Acatl\u00e1n\u2019 s\u00ed te abre muchas puertas, contribuye con este tema de la confianza, de la credibilidad y, sobre todo, hay muchos egresados destacados, eso de alguna manera se vuelve un referente\u201d, dijo el universitario sobre c\u00f3mo lo distingue en el mundo profesional el haberse formado en nuestro campus universitario.<\/p>\n<p>A los estudiantes que quieran dedicarse al periodismo, los inst\u00f3 a \u201ctomarse las cosas muy en serio\u201d, as\u00ed como trabajar con pasi\u00f3n en lo que les gusta. Es buscar ese clic, esa conexi\u00f3n, muchos terminan dedic\u00e1ndose a una cosa completamente diferente a lo que estudiamos. Si el destino te lleva a una industria, busca la manera de combinar, enlazar y nunca perder tu esencia, que al final es ser comunic\u00f3logo\u201d, acot\u00f3.<\/p>\n<p><a href=\"https:\/\/imgur.com\/xlkEkfz\"><img decoding=\"async\" title=\"source: imgur.com\" src=\"https:\/\/i.imgur.com\/xlkEkfzl.jpg\" \/><\/a><\/p>\n<p>P\u00e9rez Rojo se\u00f1al\u00f3 la relevancia de la especializaci\u00f3n y la actualizaci\u00f3n constante. \u201cSin duda la universidad es una base important\u00edsima, pero donde aprendes todo es all\u00e1 afuera, entonces, les dir\u00eda: avi\u00e9ntate a hacer cualquier entrevista\u201d, aconsej\u00f3 a los universitarios que quieran dedicarse profesionalmente al periodismo.<\/p>\n<p>Por \u00faltimo, el egresado dedic\u00f3 este galard\u00f3n a su familia, amigos, agencias y a todos quienes lo apoyaron, pero tambi\u00e9n a \u201caquellos que no creyeron en m\u00ed\u201d, pues lo impulsaron a demostrarles que estaban equivocados. \u00a1Enhorabuena!<\/p>\n<p><a href=\"https:\/\/imgur.com\/ScKf5Df\"><img decoding=\"async\" title=\"source: imgur.com\" src=\"https:\/\/i.imgur.com\/ScKf5Dfl.jpg\" \/><\/a><\/p>\n","protected":false},"excerpt":{"rendered":"<p>\u2022 Carlos Ivan P\u00e9rez Rojo fue galardonado por su labor como periodista especializado en el sector inmobiliario Carlos Ivan P\u00e9rez Rojo, egresado de la licenciatura en Comunicaci\u00f3n de la Facultad de Estudios Superiores Acatl\u00e1n, fue reconocido en los Premios Inmobiliarios Vivanuncios 2021. El portal entreg\u00f3 un reconocimiento al universitario por considerarlo el mejor periodista especializado [&hellip;]<\/p>\n","protected":false},"author":48,"featured_media":0,"comment_status":"closed","ping_status":"closed","sticky":false,"template":"","format":"standard","meta":{"_exactmetrics_skip_tracking":false,"fifu_image_url":"","fifu_image_alt":"","footnotes":""},"categories":[2],"tags":[],"class_list":["post-6209","post","type-post","status-publish","format-standard","hentry","category-boletines"],"yoast_head":"<!-- This site is optimized with the Yoast SEO plugin v28.1 - https:\/\/yoast.com\/product\/yoast-seo-wordpress\/ -->\n<title>Egresado de comunicaci\u00f3n gan\u00f3 en Premios Inmobiliarios Vivanuncios 2021 - NotiFES Digital<\/title>\n<meta name=\"robots\" content=\"index, follow, max-snippet:-1, max-image-preview:large, max-video-preview:-1\" \/>\n<link rel=\"canonical\" href=\"https:\/\/blogs.acatlan.unam.mx\/saladeprensa\/2022\/09\/14\/egresado-de-comunicacion-gano-en-premios-inmobiliarios-vivanuncios-2021\/\" \/>\n<meta property=\"og:locale\" content=\"es_ES\" \/>\n<meta property=\"og:type\" content=\"article\" \/>\n<meta property=\"og:title\" content=\"Egresado de comunicaci\u00f3n gan\u00f3 en Premios Inmobiliarios Vivanuncios 2021 - NotiFES Digital\" \/>\n<meta property=\"og:description\" content=\"\u2022 Carlos Ivan P\u00e9rez Rojo fue galardonado por su labor como periodista especializado en el sector inmobiliario Carlos Ivan P\u00e9rez Rojo, egresado de la licenciatura en Comunicaci\u00f3n de la Facultad de Estudios Superiores Acatl\u00e1n, fue reconocido en los Premios Inmobiliarios Vivanuncios 2021. El portal entreg\u00f3 un reconocimiento al universitario por considerarlo el mejor periodista especializado [&hellip;]\" \/>\n<meta property=\"og:url\" content=\"https:\/\/blogs.acatlan.unam.mx\/saladeprensa\/2022\/09\/14\/egresado-de-comunicacion-gano-en-premios-inmobiliarios-vivanuncios-2021\/\" \/>\n<meta property=\"og:site_name\" content=\"NotiFES Digital\" \/>\n<meta property=\"article:published_time\" content=\"2022-09-14T22:58:34+00:00\" \/>\n<meta property=\"article:modified_time\" content=\"2022-09-26T16:29:14+00:00\" \/>\n<meta property=\"og:image\" content=\"https:\/\/i.imgur.com\/zzVbmwDl.jpg\" \/>\n<meta name=\"author\" content=\"NotiFES Digital\" \/>\n<meta name=\"twitter:card\" content=\"summary_large_image\" \/>\n<meta name=\"twitter:label1\" content=\"Escrito por\" \/>\n\t<meta name=\"twitter:data1\" content=\"NotiFES Digital\" \/>\n\t<meta name=\"twitter:label2\" content=\"Tiempo de lectura\" \/>\n\t<meta name=\"twitter:data2\" content=\"3 minutos\" \/>\n<script type=\"application\/ld+json\" class=\"yoast-schema-graph\">{\"@context\":\"https:\\\/\\\/schema.org\",\"@graph\":[{\"@type\":\"Article\",\"@id\":\"https:\\\/\\\/blogs.acatlan.unam.mx\\\/saladeprensa\\\/2022\\\/09\\\/14\\\/egresado-de-comunicacion-gano-en-premios-inmobiliarios-vivanuncios-2021\\\/#article\",\"isPartOf\":{\"@id\":\"https:\\\/\\\/blogs.acatlan.unam.mx\\\/saladeprensa\\\/2022\\\/09\\\/14\\\/egresado-de-comunicacion-gano-en-premios-inmobiliarios-vivanuncios-2021\\\/\"},\"author\":{\"name\":\"NotiFES Digital\",\"@id\":\"https:\\\/\\\/blogs.acatlan.unam.mx\\\/saladeprensa\\\/#\\\/schema\\\/person\\\/89d21726fc33d9770774677815935a53\"},\"headline\":\"Egresado de comunicaci\u00f3n gan\u00f3 en Premios Inmobiliarios Vivanuncios 2021\",\"datePublished\":\"2022-09-14T22:58:34+00:00\",\"dateModified\":\"2022-09-26T16:29:14+00:00\",\"mainEntityOfPage\":{\"@id\":\"https:\\\/\\\/blogs.acatlan.unam.mx\\\/saladeprensa\\\/2022\\\/09\\\/14\\\/egresado-de-comunicacion-gano-en-premios-inmobiliarios-vivanuncios-2021\\\/\"},\"wordCount\":579,\"publisher\":{\"@id\":\"https:\\\/\\\/blogs.acatlan.unam.mx\\\/saladeprensa\\\/#organization\"},\"image\":{\"@id\":\"https:\\\/\\\/blogs.acatlan.unam.mx\\\/saladeprensa\\\/2022\\\/09\\\/14\\\/egresado-de-comunicacion-gano-en-premios-inmobiliarios-vivanuncios-2021\\\/#primaryimage\"},\"thumbnailUrl\":\"https:\\\/\\\/i.imgur.com\\\/zzVbmwDl.jpg\",\"articleSection\":[\"Boletines\"],\"inLanguage\":\"es\"},{\"@type\":\"WebPage\",\"@id\":\"https:\\\/\\\/blogs.acatlan.unam.mx\\\/saladeprensa\\\/2022\\\/09\\\/14\\\/egresado-de-comunicacion-gano-en-premios-inmobiliarios-vivanuncios-2021\\\/\",\"url\":\"https:\\\/\\\/blogs.acatlan.unam.mx\\\/saladeprensa\\\/2022\\\/09\\\/14\\\/egresado-de-comunicacion-gano-en-premios-inmobiliarios-vivanuncios-2021\\\/\",\"name\":\"Egresado de comunicaci\u00f3n gan\u00f3 en Premios Inmobiliarios Vivanuncios 2021 - NotiFES Digital\",\"isPartOf\":{\"@id\":\"https:\\\/\\\/blogs.acatlan.unam.mx\\\/saladeprensa\\\/#website\"},\"primaryImageOfPage\":{\"@id\":\"https:\\\/\\\/blogs.acatlan.unam.mx\\\/saladeprensa\\\/2022\\\/09\\\/14\\\/egresado-de-comunicacion-gano-en-premios-inmobiliarios-vivanuncios-2021\\\/#primaryimage\"},\"image\":{\"@id\":\"https:\\\/\\\/blogs.acatlan.unam.mx\\\/saladeprensa\\\/2022\\\/09\\\/14\\\/egresado-de-comunicacion-gano-en-premios-inmobiliarios-vivanuncios-2021\\\/#primaryimage\"},\"thumbnailUrl\":\"https:\\\/\\\/i.imgur.com\\\/zzVbmwDl.jpg\",\"datePublished\":\"2022-09-14T22:58:34+00:00\",\"dateModified\":\"2022-09-26T16:29:14+00:00\",\"breadcrumb\":{\"@id\":\"https:\\\/\\\/blogs.acatlan.unam.mx\\\/saladeprensa\\\/2022\\\/09\\\/14\\\/egresado-de-comunicacion-gano-en-premios-inmobiliarios-vivanuncios-2021\\\/#breadcrumb\"},\"inLanguage\":\"es\",\"potentialAction\":[{\"@type\":\"ReadAction\",\"target\":[\"https:\\\/\\\/blogs.acatlan.unam.mx\\\/saladeprensa\\\/2022\\\/09\\\/14\\\/egresado-de-comunicacion-gano-en-premios-inmobiliarios-vivanuncios-2021\\\/\"]}]},{\"@type\":\"ImageObject\",\"inLanguage\":\"es\",\"@id\":\"https:\\\/\\\/blogs.acatlan.unam.mx\\\/saladeprensa\\\/2022\\\/09\\\/14\\\/egresado-de-comunicacion-gano-en-premios-inmobiliarios-vivanuncios-2021\\\/#primaryimage\",\"url\":\"https:\\\/\\\/i.imgur.com\\\/zzVbmwDl.jpg\",\"contentUrl\":\"https:\\\/\\\/i.imgur.com\\\/zzVbmwDl.jpg\"},{\"@type\":\"BreadcrumbList\",\"@id\":\"https:\\\/\\\/blogs.acatlan.unam.mx\\\/saladeprensa\\\/2022\\\/09\\\/14\\\/egresado-de-comunicacion-gano-en-premios-inmobiliarios-vivanuncios-2021\\\/#breadcrumb\",\"itemListElement\":[{\"@type\":\"ListItem\",\"position\":1,\"name\":\"Portada\",\"item\":\"https:\\\/\\\/blogs.acatlan.unam.mx\\\/saladeprensa\\\/\"},{\"@type\":\"ListItem\",\"position\":2,\"name\":\"Egresado de comunicaci\u00f3n gan\u00f3 en Premios Inmobiliarios Vivanuncios 2021\"}]},{\"@type\":\"WebSite\",\"@id\":\"https:\\\/\\\/blogs.acatlan.unam.mx\\\/saladeprensa\\\/#website\",\"url\":\"https:\\\/\\\/blogs.acatlan.unam.mx\\\/saladeprensa\\\/\",\"name\":\"NotiFES Digital\",\"description\":\"Sitio dedicado a la difusi\u00f3n de noticias de la FES Acatl\u00e1n\",\"publisher\":{\"@id\":\"https:\\\/\\\/blogs.acatlan.unam.mx\\\/saladeprensa\\\/#organization\"},\"potentialAction\":[{\"@type\":\"SearchAction\",\"target\":{\"@type\":\"EntryPoint\",\"urlTemplate\":\"https:\\\/\\\/blogs.acatlan.unam.mx\\\/saladeprensa\\\/?s={search_term_string}\"},\"query-input\":{\"@type\":\"PropertyValueSpecification\",\"valueRequired\":true,\"valueName\":\"search_term_string\"}}],\"inLanguage\":\"es\"},{\"@type\":\"Organization\",\"@id\":\"https:\\\/\\\/blogs.acatlan.unam.mx\\\/saladeprensa\\\/#organization\",\"name\":\"NotiFES Digital\",\"url\":\"https:\\\/\\\/blogs.acatlan.unam.mx\\\/saladeprensa\\\/\",\"logo\":{\"@type\":\"ImageObject\",\"inLanguage\":\"es\",\"@id\":\"https:\\\/\\\/blogs.acatlan.unam.mx\\\/saladeprensa\\\/#\\\/schema\\\/logo\\\/image\\\/\",\"url\":\"https:\\\/\\\/blogs.acatlan.unam.mx\\\/saladeprensa\\\/files\\\/2025\\\/01\\\/Logotipo-50-Aniversario-color.png\",\"contentUrl\":\"https:\\\/\\\/blogs.acatlan.unam.mx\\\/saladeprensa\\\/files\\\/2025\\\/01\\\/Logotipo-50-Aniversario-color.png\",\"width\":4500,\"height\":3397,\"caption\":\"NotiFES Digital\"},\"image\":{\"@id\":\"https:\\\/\\\/blogs.acatlan.unam.mx\\\/saladeprensa\\\/#\\\/schema\\\/logo\\\/image\\\/\"}},{\"@type\":\"Person\",\"@id\":\"https:\\\/\\\/blogs.acatlan.unam.mx\\\/saladeprensa\\\/#\\\/schema\\\/person\\\/89d21726fc33d9770774677815935a53\",\"name\":\"NotiFES Digital\",\"image\":{\"@type\":\"ImageObject\",\"inLanguage\":\"es\",\"@id\":\"https:\\\/\\\/secure.gravatar.com\\\/avatar\\\/6480d699d37abf2c2302dda8d8e2845fc451e65b0e3dfcfa130e3e30475b9dd3?s=96&d=mm&r=g\",\"url\":\"https:\\\/\\\/secure.gravatar.com\\\/avatar\\\/6480d699d37abf2c2302dda8d8e2845fc451e65b0e3dfcfa130e3e30475b9dd3?s=96&d=mm&r=g\",\"contentUrl\":\"https:\\\/\\\/secure.gravatar.com\\\/avatar\\\/6480d699d37abf2c2302dda8d8e2845fc451e65b0e3dfcfa130e3e30475b9dd3?s=96&d=mm&r=g\",\"caption\":\"NotiFES Digital\"},\"url\":\"https:\\\/\\\/blogs.acatlan.unam.mx\\\/saladeprensa\\\/author\\\/saladeprensa\\\/\"}]}<\/script>\n<!-- \/ Yoast SEO plugin. -->","yoast_head_json":{"title":"Egresado de comunicaci\u00f3n gan\u00f3 en Premios Inmobiliarios Vivanuncios 2021 - NotiFES Digital","robots":{"index":"index","follow":"follow","max-snippet":"max-snippet:-1","max-image-preview":"max-image-preview:large","max-video-preview":"max-video-preview:-1"},"canonical":"https:\/\/blogs.acatlan.unam.mx\/saladeprensa\/2022\/09\/14\/egresado-de-comunicacion-gano-en-premios-inmobiliarios-vivanuncios-2021\/","og_locale":"es_ES","og_type":"article","og_title":"Egresado de comunicaci\u00f3n gan\u00f3 en Premios Inmobiliarios Vivanuncios 2021 - NotiFES Digital","og_description":"\u2022 Carlos Ivan P\u00e9rez Rojo fue galardonado por su labor como periodista especializado en el sector inmobiliario Carlos Ivan P\u00e9rez Rojo, egresado de la licenciatura en Comunicaci\u00f3n de la Facultad de Estudios Superiores Acatl\u00e1n, fue reconocido en los Premios Inmobiliarios Vivanuncios 2021. El portal entreg\u00f3 un reconocimiento al universitario por considerarlo el mejor periodista especializado [&hellip;]","og_url":"https:\/\/blogs.acatlan.unam.mx\/saladeprensa\/2022\/09\/14\/egresado-de-comunicacion-gano-en-premios-inmobiliarios-vivanuncios-2021\/","og_site_name":"NotiFES Digital","article_published_time":"2022-09-14T22:58:34+00:00","article_modified_time":"2022-09-26T16:29:14+00:00","og_image":[{"url":"https:\/\/i.imgur.com\/zzVbmwDl.jpg","type":"","width":"","height":""}],"author":"NotiFES Digital","twitter_card":"summary_large_image","twitter_misc":{"Escrito por":"NotiFES Digital","Tiempo de lectura":"3 minutos"},"schema":{"@context":"https:\/\/schema.org","@graph":[{"@type":"Article","@id":"https:\/\/blogs.acatlan.unam.mx\/saladeprensa\/2022\/09\/14\/egresado-de-comunicacion-gano-en-premios-inmobiliarios-vivanuncios-2021\/#article","isPartOf":{"@id":"https:\/\/blogs.acatlan.unam.mx\/saladeprensa\/2022\/09\/14\/egresado-de-comunicacion-gano-en-premios-inmobiliarios-vivanuncios-2021\/"},"author":{"name":"NotiFES Digital","@id":"https:\/\/blogs.acatlan.unam.mx\/saladeprensa\/#\/schema\/person\/89d21726fc33d9770774677815935a53"},"headline":"Egresado de comunicaci\u00f3n gan\u00f3 en Premios Inmobiliarios Vivanuncios 2021","datePublished":"2022-09-14T22:58:34+00:00","dateModified":"2022-09-26T16:29:14+00:00","mainEntityOfPage":{"@id":"https:\/\/blogs.acatlan.unam.mx\/saladeprensa\/2022\/09\/14\/egresado-de-comunicacion-gano-en-premios-inmobiliarios-vivanuncios-2021\/"},"wordCount":579,"publisher":{"@id":"https:\/\/blogs.acatlan.unam.mx\/saladeprensa\/#organization"},"image":{"@id":"https:\/\/blogs.acatlan.unam.mx\/saladeprensa\/2022\/09\/14\/egresado-de-comunicacion-gano-en-premios-inmobiliarios-vivanuncios-2021\/#primaryimage"},"thumbnailUrl":"https:\/\/i.imgur.com\/zzVbmwDl.jpg","articleSection":["Boletines"],"inLanguage":"es"},{"@type":"WebPage","@id":"https:\/\/blogs.acatlan.unam.mx\/saladeprensa\/2022\/09\/14\/egresado-de-comunicacion-gano-en-premios-inmobiliarios-vivanuncios-2021\/","url":"https:\/\/blogs.acatlan.unam.mx\/saladeprensa\/2022\/09\/14\/egresado-de-comunicacion-gano-en-premios-inmobiliarios-vivanuncios-2021\/","name":"Egresado de comunicaci\u00f3n gan\u00f3 en Premios Inmobiliarios Vivanuncios 2021 - NotiFES Digital","isPartOf":{"@id":"https:\/\/blogs.acatlan.unam.mx\/saladeprensa\/#website"},"primaryImageOfPage":{"@id":"https:\/\/blogs.acatlan.unam.mx\/saladeprensa\/2022\/09\/14\/egresado-de-comunicacion-gano-en-premios-inmobiliarios-vivanuncios-2021\/#primaryimage"},"image":{"@id":"https:\/\/blogs.acatlan.unam.mx\/saladeprensa\/2022\/09\/14\/egresado-de-comunicacion-gano-en-premios-inmobiliarios-vivanuncios-2021\/#primaryimage"},"thumbnailUrl":"https:\/\/i.imgur.com\/zzVbmwDl.jpg","datePublished":"2022-09-14T22:58:34+00:00","dateModified":"2022-09-26T16:29:14+00:00","breadcrumb":{"@id":"https:\/\/blogs.acatlan.unam.mx\/saladeprensa\/2022\/09\/14\/egresado-de-comunicacion-gano-en-premios-inmobiliarios-vivanuncios-2021\/#breadcrumb"},"inLanguage":"es","potentialAction":[{"@type":"ReadAction","target":["https:\/\/blogs.acatlan.unam.mx\/saladeprensa\/2022\/09\/14\/egresado-de-comunicacion-gano-en-premios-inmobiliarios-vivanuncios-2021\/"]}]},{"@type":"ImageObject","inLanguage":"es","@id":"https:\/\/blogs.acatlan.unam.mx\/saladeprensa\/2022\/09\/14\/egresado-de-comunicacion-gano-en-premios-inmobiliarios-vivanuncios-2021\/#primaryimage","url":"https:\/\/i.imgur.com\/zzVbmwDl.jpg","contentUrl":"https:\/\/i.imgur.com\/zzVbmwDl.jpg"},{"@type":"BreadcrumbList","@id":"https:\/\/blogs.acatlan.unam.mx\/saladeprensa\/2022\/09\/14\/egresado-de-comunicacion-gano-en-premios-inmobiliarios-vivanuncios-2021\/#breadcrumb","itemListElement":[{"@type":"ListItem","position":1,"name":"Portada","item":"https:\/\/blogs.acatlan.unam.mx\/saladeprensa\/"},{"@type":"ListItem","position":2,"name":"Egresado de comunicaci\u00f3n gan\u00f3 en Premios Inmobiliarios Vivanuncios 2021"}]},{"@type":"WebSite","@id":"https:\/\/blogs.acatlan.unam.mx\/saladeprensa\/#website","url":"https:\/\/blogs.acatlan.unam.mx\/saladeprensa\/","name":"NotiFES Digital","description":"Sitio dedicado a la difusi\u00f3n de noticias de la FES Acatl\u00e1n","publisher":{"@id":"https:\/\/blogs.acatlan.unam.mx\/saladeprensa\/#organization"},"potentialAction":[{"@type":"SearchAction","target":{"@type":"EntryPoint","urlTemplate":"https:\/\/blogs.acatlan.unam.mx\/saladeprensa\/?s={search_term_string}"},"query-input":{"@type":"PropertyValueSpecification","valueRequired":true,"valueName":"search_term_string"}}],"inLanguage":"es"},{"@type":"Organization","@id":"https:\/\/blogs.acatlan.unam.mx\/saladeprensa\/#organization","name":"NotiFES Digital","url":"https:\/\/blogs.acatlan.unam.mx\/saladeprensa\/","logo":{"@type":"ImageObject","inLanguage":"es","@id":"https:\/\/blogs.acatlan.unam.mx\/saladeprensa\/#\/schema\/logo\/image\/","url":"https:\/\/blogs.acatlan.unam.mx\/saladeprensa\/files\/2025\/01\/Logotipo-50-Aniversario-color.png","contentUrl":"https:\/\/blogs.acatlan.unam.mx\/saladeprensa\/files\/2025\/01\/Logotipo-50-Aniversario-color.png","width":4500,"height":3397,"caption":"NotiFES Digital"},"image":{"@id":"https:\/\/blogs.acatlan.unam.mx\/saladeprensa\/#\/schema\/logo\/image\/"}},{"@type":"Person","@id":"https:\/\/blogs.acatlan.unam.mx\/saladeprensa\/#\/schema\/person\/89d21726fc33d9770774677815935a53","name":"NotiFES Digital","image":{"@type":"ImageObject","inLanguage":"es","@id":"https:\/\/secure.gravatar.com\/avatar\/6480d699d37abf2c2302dda8d8e2845fc451e65b0e3dfcfa130e3e30475b9dd3?s=96&d=mm&r=g","url":"https:\/\/secure.gravatar.com\/avatar\/6480d699d37abf2c2302dda8d8e2845fc451e65b0e3dfcfa130e3e30475b9dd3?s=96&d=mm&r=g","contentUrl":"https:\/\/secure.gravatar.com\/avatar\/6480d699d37abf2c2302dda8d8e2845fc451e65b0e3dfcfa130e3e30475b9dd3?s=96&d=mm&r=g","caption":"NotiFES Digital"},"url":"https:\/\/blogs.acatlan.unam.mx\/saladeprensa\/author\/saladeprensa\/"}]}},"_links":{"self":[{"href":"https:\/\/blogs.acatlan.unam.mx\/saladeprensa\/wp-json\/wp\/v2\/posts\/6209","targetHints":{"allow":["GET"]}}],"collection":[{"href":"https:\/\/blogs.acatlan.unam.mx\/saladeprensa\/wp-json\/wp\/v2\/posts"}],"about":[{"href":"https:\/\/blogs.acatlan.unam.mx\/saladeprensa\/wp-json\/wp\/v2\/types\/post"}],"author":[{"embeddable":true,"href":"https:\/\/blogs.acatlan.unam.mx\/saladeprensa\/wp-json\/wp\/v2\/users\/48"}],"replies":[{"embeddable":true,"href":"https:\/\/blogs.acatlan.unam.mx\/saladeprensa\/wp-json\/wp\/v2\/comments?post=6209"}],"version-history":[{"count":4,"href":"https:\/\/blogs.acatlan.unam.mx\/saladeprensa\/wp-json\/wp\/v2\/posts\/6209\/revisions"}],"predecessor-version":[{"id":6245,"href":"https:\/\/blogs.acatlan.unam.mx\/saladeprensa\/wp-json\/wp\/v2\/posts\/6209\/revisions\/6245"}],"wp:attachment":[{"href":"https:\/\/blogs.acatlan.unam.mx\/saladeprensa\/wp-json\/wp\/v2\/media?parent=6209"}],"wp:term":[{"taxonomy":"category","embeddable":true,"href":"https:\/\/blogs.acatlan.unam.mx\/saladeprensa\/wp-json\/wp\/v2\/categories?post=6209"},{"taxonomy":"post_tag","embeddable":true,"href":"https:\/\/blogs.acatlan.unam.mx\/saladeprensa\/wp-json\/wp\/v2\/tags?post=6209"}],"curies":[{"name":"wp","href":"https:\/\/api.w.org\/{rel}","templated":true}]}}