{"id":5134,"date":"2021-12-08T15:33:23","date_gmt":"2021-12-08T21:33:23","guid":{"rendered":"http:\/\/blogs.acatlan.unam.mx\/saladeprensa\/?p=5134"},"modified":"2021-12-08T15:33:23","modified_gmt":"2021-12-08T21:33:23","slug":"reconocen-labor-de-18-profesores-de-asignatura","status":"publish","type":"post","link":"https:\/\/blogs.acatlan.unam.mx\/saladeprensa\/2021\/12\/08\/reconocen-labor-de-18-profesores-de-asignatura\/","title":{"rendered":"Reconocen labor de 18 profesores de asignatura"},"content":{"rendered":"<p><a href=\"https:\/\/imgur.com\/aZdWvRe\"><img decoding=\"async\" title=\"source: imgur.com\" src=\"https:\/\/i.imgur.com\/aZdWvRel.jpg\" \/><\/a><\/p>\n<h4>\u2022 En la Unidad de Investigaci\u00f3n Multidisciplinaria de la FES Acatl\u00e1n<\/h4>\n<p>En ceremonia presencial, 18 profesores de asignatura fueron reconocidos por la labor acad\u00e9mica desempe\u00f1ada durante a\u00f1os en la Facultad de Estudios Superiores Acatl\u00e1n, en la Unidad de Investigaci\u00f3n Multidisciplinaria (UIM), evento encabezado por la maestra Nora Goris Mayans, secretaria General Acad\u00e9mica del campus.<\/p>\n<p><iframe loading=\"lazy\" title=\"Ceremonia de entrega de Reconocimientos a la Labor Acad\u00e9mica de los Profesores de Asignatura 2021\" width=\"500\" height=\"281\" src=\"https:\/\/www.youtube.com\/embed\/wATcUpVWYNo?feature=oembed\" frameborder=\"0\" allow=\"accelerometer; autoplay; clipboard-write; encrypted-media; gyroscope; picture-in-picture; web-share\" referrerpolicy=\"strict-origin-when-cross-origin\" allowfullscreen><\/iframe><\/p>\n<p><!--more--><\/p>\n<p><a href=\"https:\/\/imgur.com\/r3nRMs9\"><img decoding=\"async\" title=\"source: imgur.com\" src=\"https:\/\/i.imgur.com\/r3nRMs9l.jpg\" \/><\/a><\/p>\n<p>Frente a los galardonados, la maestra Goris Mayans mencion\u00f3 que \u201csi la Facultad fuera un cuerpo humano, su trabajo equivaldr\u00eda al coraz\u00f3n que late y permite funcionar a todo este engranaje\u201d.<\/p>\n<p>La secretaria General agreg\u00f3 que \u201cLos profesores de asignatura tienen un maravilloso valor adicional, ya que con el ejercicio de la funci\u00f3n saben c\u00f3mo funciona el mercado laboral, cu\u00e1les son esos peque\u00f1os secretos para que cada d\u00eda se puedan desarrollar mejor nuestros egresados y, a la vez, se retroalimenta nuestro sistema educativo para adaptarlo de mejor manera al mundo laboral que les espera. No solo eso, sino que la Universidad Nacional y esta Facultad se preocupan por el mercado laboral y tambi\u00e9n nos expresaban y externaban, de manera inconsciente en ocasiones, cu\u00e1l es el proyecto de naci\u00f3n que queremos y, a partir de ah\u00ed, este trabajo que cada d\u00eda realizan ayuda para generar a los profesionistas que van a cambiar esta sociedad, y al pa\u00eds convertirlo en esa naci\u00f3n que todos deseamos\u201d.<\/p>\n<p><a href=\"https:\/\/imgur.com\/U3bJ8IO\"><img decoding=\"async\" title=\"source: imgur.com\" src=\"https:\/\/i.imgur.com\/U3bJ8IOl.jpg\" \/><\/a><\/p>\n<p>Goris Mayans dijo a los galardonados, \u201cfelicito a todas y todos quienes hoy reciben este reconocimiento por su gran labor docente, por su destacada labor con nuestros alumnos y egresados, y por dar ejemplo de c\u00f3mo se debe trabajar hacia adelante\u201d.<\/p>\n<p>A nombre de los profesores que recibieron los reconocimientos, la maestra Mar\u00eda Concepci\u00f3n Gonz\u00e1lez Enr\u00edquez, se\u00f1al\u00f3 que la FES Acatl\u00e1n \u201ccuenta con mil 926 profesores, de los cuales, mil 576 somos profesores de asignatura, siendo el 81 por ciento, es decir, conformamos el 81 por ciento del motor de esta Facultad, por ello, celebramos que se de este reconocimiento a nivel institucional, siendo un avance hacia la justicia e igualdad social\u201d.<\/p>\n<p><a href=\"https:\/\/imgur.com\/eW7JuSe\"><img decoding=\"async\" title=\"source: imgur.com\" src=\"https:\/\/i.imgur.com\/eW7JuSel.jpg\" \/><\/a><\/p>\n<p>La tambi\u00e9n profesora de la licenciatura en MAC sostuvo que \u201cun profesor de asignatura es un profesor que es contratado por determinado n\u00famero de horas para impartir cursos de acuerdo al \u00e1rea de su conocimiento, un cierto porcentaje de profesores de asignatura lo hacen como actividad complementaria a una actividad profesional independiente, otro gran porcentaje se dedica exclusivamente a la docencia, y ese n\u00famero de horas frente a grupo se multiplica cuando preparamos clase, actividades, tareas, ex\u00e1menes, calificamos, llevamos el control de calificaciones y asesoramos personalmente a los alumnos\u201d.<\/p>\n<p>Frente al licenciado Jos\u00e9 Antonio Sixtos Ortega, ahora coordinador de Cuerpos Colegiados, el maestro Jos\u00e9 Luis Casta\u00f1\u00f3n Zurita, secretario Administrativo, el maestro Carlos Nandayapa Hern\u00e1ndez, secretario de Asuntos Acad\u00e9micos Estudiantiles, el consejero, doctor Rub\u00e9n Dar\u00edo Medina Jaime manifest\u00f3 a los galardonados que \u201cen la maestra y el profesor universitarios se concentra, por tanto, la misi\u00f3n suprema de orientar, de informar, de conducir y, de modo sumamente singular, de transmitir a sus alumnos una actitud pasional de amor por una disciplina, por una instituci\u00f3n, por una naci\u00f3n. Consecuentemente, en el maestro universitario, en la profesora universitaria recae el deber filos\u00f3fico de generar en sus educandos una consciencia social, una solidaridad humana, un compromiso \u00e9tico en el desempe\u00f1o profesional\u201d.<\/p>\n<p><a href=\"https:\/\/imgur.com\/2pmS54e\"><img decoding=\"async\" title=\"source: imgur.com\" src=\"https:\/\/i.imgur.com\/2pmS54el.jpg\" \/><\/a><\/p>\n<p>Los galardonados<\/p>\n<table>\n<tbody>\n<tr>\n<td width=\"309\">\n<p style=\"text-align: center\"><strong>Nombre<\/strong><\/p>\n<\/td>\n<td width=\"279\">\n<p style=\"text-align: center\"><strong>Licenciatura<\/strong><\/p>\n<\/td>\n<\/tr>\n<tr>\n<td width=\"309\">Jos\u00e9 Enrique Pe\u00f1a Vel\u00e1zquez<\/td>\n<td width=\"279\">Actuar\u00eda<\/td>\n<\/tr>\n<tr>\n<td width=\"309\">C\u00e9sar Fonseca Ponce<\/td>\n<td width=\"279\">Arquitectura<\/td>\n<\/tr>\n<tr>\n<td width=\"309\">Jos\u00e9 Gaspar Berrios Zendejas<\/td>\n<td width=\"279\">CP y AP<\/td>\n<\/tr>\n<tr>\n<td width=\"309\">Jos\u00e9 Gustavo Fuentes Cabrera<\/td>\n<td width=\"279\">Ciencia de Datos<\/td>\n<\/tr>\n<tr>\n<td width=\"309\">Juan Manuel Gorostieta P\u00e9rez<\/td>\n<td width=\"279\">Derecho<\/td>\n<\/tr>\n<tr>\n<td width=\"309\">Celso Escobar Salinas<\/td>\n<td width=\"279\">Derecho SUAyED<\/td>\n<\/tr>\n<tr>\n<td width=\"309\">Elvia M\u00f3nica Rodr\u00edguez Alonso<\/td>\n<td width=\"279\">Dise\u00f1o Gr\u00e1fico<\/td>\n<\/tr>\n<tr>\n<td width=\"309\">M\u00f3nica Cristina Mimbrera Delgado<\/td>\n<td width=\"279\">Econom\u00eda<\/td>\n<\/tr>\n<tr>\n<td width=\"309\">Lilia Estela Briones Jurado<\/td>\n<td width=\"279\">Ense\u00f1anza de Ingl\u00e9s<\/td>\n<\/tr>\n<tr>\n<td width=\"309\">Elo\u00edna Cosme Nava<\/td>\n<td width=\"279\">Filosof\u00eda<\/td>\n<\/tr>\n<tr>\n<td width=\"309\">Ricardo Govantes Morales<\/td>\n<td width=\"279\">Historia<\/td>\n<\/tr>\n<tr>\n<td width=\"309\">Manuel G\u00f3mez Guti\u00e9rrez<\/td>\n<td width=\"279\">Ingenier\u00eda Civil<\/td>\n<\/tr>\n<tr>\n<td width=\"309\">Guillermo Rafael P\u00e9rez Soto<\/td>\n<td width=\"279\">LICEL<\/td>\n<\/tr>\n<tr>\n<td width=\"309\">Mar\u00eda Concepci\u00f3n Gonz\u00e1lez Enr\u00edquez<\/td>\n<td width=\"279\">MAC<\/td>\n<\/tr>\n<tr>\n<td width=\"309\">Carlos Guadarrama Cruz<\/td>\n<td width=\"279\">Relaciones Internacionales<\/td>\n<\/tr>\n<tr>\n<td width=\"309\">Daddhiat Asbel Itzam\u00e9 Mares Paris<\/td>\n<td width=\"279\">RI SUAyED<\/td>\n<\/tr>\n<tr>\n<td width=\"309\">Gabriela Vivar Mart\u00ednez<\/td>\n<td width=\"279\">Pedagog\u00eda<\/td>\n<\/tr>\n<tr>\n<td width=\"309\">Elba Jim\u00e9nez Solares<\/td>\n<td width=\"279\">Posgrado<\/td>\n<\/tr>\n<\/tbody>\n<\/table>\n<p><a href=\"https:\/\/imgur.com\/Qvv2Pme\"><img decoding=\"async\" title=\"source: imgur.com\" src=\"https:\/\/i.imgur.com\/Qvv2Pmel.jpg\" \/><\/a><\/p>\n","protected":false},"excerpt":{"rendered":"<p>\u2022 En la Unidad de Investigaci\u00f3n Multidisciplinaria de la FES Acatl\u00e1n En ceremonia presencial, 18 profesores de asignatura fueron reconocidos por la labor acad\u00e9mica desempe\u00f1ada durante a\u00f1os en la Facultad de Estudios Superiores Acatl\u00e1n, en la Unidad de Investigaci\u00f3n Multidisciplinaria (UIM), evento encabezado por la maestra Nora Goris Mayans, secretaria General Acad\u00e9mica del campus.<\/p>\n","protected":false},"author":48,"featured_media":0,"comment_status":"closed","ping_status":"closed","sticky":false,"template":"","format":"standard","meta":{"_exactmetrics_skip_tracking":false,"fifu_image_url":"","fifu_image_alt":"","footnotes":""},"categories":[2],"tags":[],"class_list":["post-5134","post","type-post","status-publish","format-standard","hentry","category-boletines"],"yoast_head":"<!-- This site is optimized with the Yoast SEO plugin v28.1 - https:\/\/yoast.com\/product\/yoast-seo-wordpress\/ -->\n<title>Reconocen labor de 18 profesores de asignatura - NotiFES Digital<\/title>\n<meta name=\"robots\" content=\"index, follow, max-snippet:-1, max-image-preview:large, max-video-preview:-1\" \/>\n<link rel=\"canonical\" href=\"https:\/\/blogs.acatlan.unam.mx\/saladeprensa\/2021\/12\/08\/reconocen-labor-de-18-profesores-de-asignatura\/\" \/>\n<meta property=\"og:locale\" content=\"es_ES\" \/>\n<meta property=\"og:type\" content=\"article\" \/>\n<meta property=\"og:title\" content=\"Reconocen labor de 18 profesores de asignatura - NotiFES Digital\" \/>\n<meta property=\"og:description\" content=\"\u2022 En la Unidad de Investigaci\u00f3n Multidisciplinaria de la FES Acatl\u00e1n En ceremonia presencial, 18 profesores de asignatura fueron reconocidos por la labor acad\u00e9mica desempe\u00f1ada durante a\u00f1os en la Facultad de Estudios Superiores Acatl\u00e1n, en la Unidad de Investigaci\u00f3n Multidisciplinaria (UIM), evento encabezado por la maestra Nora Goris Mayans, secretaria General Acad\u00e9mica del campus.\" \/>\n<meta property=\"og:url\" content=\"https:\/\/blogs.acatlan.unam.mx\/saladeprensa\/2021\/12\/08\/reconocen-labor-de-18-profesores-de-asignatura\/\" \/>\n<meta property=\"og:site_name\" content=\"NotiFES Digital\" \/>\n<meta property=\"article:published_time\" content=\"2021-12-08T21:33:23+00:00\" \/>\n<meta property=\"og:image\" content=\"https:\/\/i.imgur.com\/aZdWvRel.jpg\" \/>\n<meta name=\"author\" content=\"NotiFES Digital\" \/>\n<meta name=\"twitter:card\" content=\"summary_large_image\" \/>\n<meta name=\"twitter:label1\" content=\"Escrito por\" \/>\n\t<meta name=\"twitter:data1\" content=\"NotiFES Digital\" \/>\n\t<meta name=\"twitter:label2\" content=\"Tiempo de lectura\" \/>\n\t<meta name=\"twitter:data2\" content=\"4 minutos\" \/>\n<script type=\"application\/ld+json\" class=\"yoast-schema-graph\">{\"@context\":\"https:\\\/\\\/schema.org\",\"@graph\":[{\"@type\":\"Article\",\"@id\":\"https:\\\/\\\/blogs.acatlan.unam.mx\\\/saladeprensa\\\/2021\\\/12\\\/08\\\/reconocen-labor-de-18-profesores-de-asignatura\\\/#article\",\"isPartOf\":{\"@id\":\"https:\\\/\\\/blogs.acatlan.unam.mx\\\/saladeprensa\\\/2021\\\/12\\\/08\\\/reconocen-labor-de-18-profesores-de-asignatura\\\/\"},\"author\":{\"name\":\"NotiFES Digital\",\"@id\":\"https:\\\/\\\/blogs.acatlan.unam.mx\\\/saladeprensa\\\/#\\\/schema\\\/person\\\/89d21726fc33d9770774677815935a53\"},\"headline\":\"Reconocen labor de 18 profesores de asignatura\",\"datePublished\":\"2021-12-08T21:33:23+00:00\",\"mainEntityOfPage\":{\"@id\":\"https:\\\/\\\/blogs.acatlan.unam.mx\\\/saladeprensa\\\/2021\\\/12\\\/08\\\/reconocen-labor-de-18-profesores-de-asignatura\\\/\"},\"wordCount\":710,\"publisher\":{\"@id\":\"https:\\\/\\\/blogs.acatlan.unam.mx\\\/saladeprensa\\\/#organization\"},\"image\":{\"@id\":\"https:\\\/\\\/blogs.acatlan.unam.mx\\\/saladeprensa\\\/2021\\\/12\\\/08\\\/reconocen-labor-de-18-profesores-de-asignatura\\\/#primaryimage\"},\"thumbnailUrl\":\"https:\\\/\\\/i.imgur.com\\\/aZdWvRel.jpg\",\"articleSection\":[\"Boletines\"],\"inLanguage\":\"es\"},{\"@type\":\"WebPage\",\"@id\":\"https:\\\/\\\/blogs.acatlan.unam.mx\\\/saladeprensa\\\/2021\\\/12\\\/08\\\/reconocen-labor-de-18-profesores-de-asignatura\\\/\",\"url\":\"https:\\\/\\\/blogs.acatlan.unam.mx\\\/saladeprensa\\\/2021\\\/12\\\/08\\\/reconocen-labor-de-18-profesores-de-asignatura\\\/\",\"name\":\"Reconocen labor de 18 profesores de asignatura - NotiFES Digital\",\"isPartOf\":{\"@id\":\"https:\\\/\\\/blogs.acatlan.unam.mx\\\/saladeprensa\\\/#website\"},\"primaryImageOfPage\":{\"@id\":\"https:\\\/\\\/blogs.acatlan.unam.mx\\\/saladeprensa\\\/2021\\\/12\\\/08\\\/reconocen-labor-de-18-profesores-de-asignatura\\\/#primaryimage\"},\"image\":{\"@id\":\"https:\\\/\\\/blogs.acatlan.unam.mx\\\/saladeprensa\\\/2021\\\/12\\\/08\\\/reconocen-labor-de-18-profesores-de-asignatura\\\/#primaryimage\"},\"thumbnailUrl\":\"https:\\\/\\\/i.imgur.com\\\/aZdWvRel.jpg\",\"datePublished\":\"2021-12-08T21:33:23+00:00\",\"breadcrumb\":{\"@id\":\"https:\\\/\\\/blogs.acatlan.unam.mx\\\/saladeprensa\\\/2021\\\/12\\\/08\\\/reconocen-labor-de-18-profesores-de-asignatura\\\/#breadcrumb\"},\"inLanguage\":\"es\",\"potentialAction\":[{\"@type\":\"ReadAction\",\"target\":[\"https:\\\/\\\/blogs.acatlan.unam.mx\\\/saladeprensa\\\/2021\\\/12\\\/08\\\/reconocen-labor-de-18-profesores-de-asignatura\\\/\"]}]},{\"@type\":\"ImageObject\",\"inLanguage\":\"es\",\"@id\":\"https:\\\/\\\/blogs.acatlan.unam.mx\\\/saladeprensa\\\/2021\\\/12\\\/08\\\/reconocen-labor-de-18-profesores-de-asignatura\\\/#primaryimage\",\"url\":\"https:\\\/\\\/i.imgur.com\\\/aZdWvRel.jpg\",\"contentUrl\":\"https:\\\/\\\/i.imgur.com\\\/aZdWvRel.jpg\"},{\"@type\":\"BreadcrumbList\",\"@id\":\"https:\\\/\\\/blogs.acatlan.unam.mx\\\/saladeprensa\\\/2021\\\/12\\\/08\\\/reconocen-labor-de-18-profesores-de-asignatura\\\/#breadcrumb\",\"itemListElement\":[{\"@type\":\"ListItem\",\"position\":1,\"name\":\"Portada\",\"item\":\"https:\\\/\\\/blogs.acatlan.unam.mx\\\/saladeprensa\\\/\"},{\"@type\":\"ListItem\",\"position\":2,\"name\":\"Reconocen labor de 18 profesores de asignatura\"}]},{\"@type\":\"WebSite\",\"@id\":\"https:\\\/\\\/blogs.acatlan.unam.mx\\\/saladeprensa\\\/#website\",\"url\":\"https:\\\/\\\/blogs.acatlan.unam.mx\\\/saladeprensa\\\/\",\"name\":\"NotiFES Digital\",\"description\":\"Sitio dedicado a la difusi\u00f3n de noticias de la FES Acatl\u00e1n\",\"publisher\":{\"@id\":\"https:\\\/\\\/blogs.acatlan.unam.mx\\\/saladeprensa\\\/#organization\"},\"potentialAction\":[{\"@type\":\"SearchAction\",\"target\":{\"@type\":\"EntryPoint\",\"urlTemplate\":\"https:\\\/\\\/blogs.acatlan.unam.mx\\\/saladeprensa\\\/?s={search_term_string}\"},\"query-input\":{\"@type\":\"PropertyValueSpecification\",\"valueRequired\":true,\"valueName\":\"search_term_string\"}}],\"inLanguage\":\"es\"},{\"@type\":\"Organization\",\"@id\":\"https:\\\/\\\/blogs.acatlan.unam.mx\\\/saladeprensa\\\/#organization\",\"name\":\"NotiFES Digital\",\"url\":\"https:\\\/\\\/blogs.acatlan.unam.mx\\\/saladeprensa\\\/\",\"logo\":{\"@type\":\"ImageObject\",\"inLanguage\":\"es\",\"@id\":\"https:\\\/\\\/blogs.acatlan.unam.mx\\\/saladeprensa\\\/#\\\/schema\\\/logo\\\/image\\\/\",\"url\":\"https:\\\/\\\/blogs.acatlan.unam.mx\\\/saladeprensa\\\/files\\\/2025\\\/01\\\/Logotipo-50-Aniversario-color.png\",\"contentUrl\":\"https:\\\/\\\/blogs.acatlan.unam.mx\\\/saladeprensa\\\/files\\\/2025\\\/01\\\/Logotipo-50-Aniversario-color.png\",\"width\":4500,\"height\":3397,\"caption\":\"NotiFES Digital\"},\"image\":{\"@id\":\"https:\\\/\\\/blogs.acatlan.unam.mx\\\/saladeprensa\\\/#\\\/schema\\\/logo\\\/image\\\/\"}},{\"@type\":\"Person\",\"@id\":\"https:\\\/\\\/blogs.acatlan.unam.mx\\\/saladeprensa\\\/#\\\/schema\\\/person\\\/89d21726fc33d9770774677815935a53\",\"name\":\"NotiFES Digital\",\"image\":{\"@type\":\"ImageObject\",\"inLanguage\":\"es\",\"@id\":\"https:\\\/\\\/secure.gravatar.com\\\/avatar\\\/6480d699d37abf2c2302dda8d8e2845fc451e65b0e3dfcfa130e3e30475b9dd3?s=96&d=mm&r=g\",\"url\":\"https:\\\/\\\/secure.gravatar.com\\\/avatar\\\/6480d699d37abf2c2302dda8d8e2845fc451e65b0e3dfcfa130e3e30475b9dd3?s=96&d=mm&r=g\",\"contentUrl\":\"https:\\\/\\\/secure.gravatar.com\\\/avatar\\\/6480d699d37abf2c2302dda8d8e2845fc451e65b0e3dfcfa130e3e30475b9dd3?s=96&d=mm&r=g\",\"caption\":\"NotiFES Digital\"},\"url\":\"https:\\\/\\\/blogs.acatlan.unam.mx\\\/saladeprensa\\\/author\\\/saladeprensa\\\/\"}]}<\/script>\n<!-- \/ Yoast SEO plugin. -->","yoast_head_json":{"title":"Reconocen labor de 18 profesores de asignatura - NotiFES Digital","robots":{"index":"index","follow":"follow","max-snippet":"max-snippet:-1","max-image-preview":"max-image-preview:large","max-video-preview":"max-video-preview:-1"},"canonical":"https:\/\/blogs.acatlan.unam.mx\/saladeprensa\/2021\/12\/08\/reconocen-labor-de-18-profesores-de-asignatura\/","og_locale":"es_ES","og_type":"article","og_title":"Reconocen labor de 18 profesores de asignatura - NotiFES Digital","og_description":"\u2022 En la Unidad de Investigaci\u00f3n Multidisciplinaria de la FES Acatl\u00e1n En ceremonia presencial, 18 profesores de asignatura fueron reconocidos por la labor acad\u00e9mica desempe\u00f1ada durante a\u00f1os en la Facultad de Estudios Superiores Acatl\u00e1n, en la Unidad de Investigaci\u00f3n Multidisciplinaria (UIM), evento encabezado por la maestra Nora Goris Mayans, secretaria General Acad\u00e9mica del campus.","og_url":"https:\/\/blogs.acatlan.unam.mx\/saladeprensa\/2021\/12\/08\/reconocen-labor-de-18-profesores-de-asignatura\/","og_site_name":"NotiFES Digital","article_published_time":"2021-12-08T21:33:23+00:00","og_image":[{"url":"https:\/\/i.imgur.com\/aZdWvRel.jpg","type":"","width":"","height":""}],"author":"NotiFES Digital","twitter_card":"summary_large_image","twitter_misc":{"Escrito por":"NotiFES Digital","Tiempo de lectura":"4 minutos"},"schema":{"@context":"https:\/\/schema.org","@graph":[{"@type":"Article","@id":"https:\/\/blogs.acatlan.unam.mx\/saladeprensa\/2021\/12\/08\/reconocen-labor-de-18-profesores-de-asignatura\/#article","isPartOf":{"@id":"https:\/\/blogs.acatlan.unam.mx\/saladeprensa\/2021\/12\/08\/reconocen-labor-de-18-profesores-de-asignatura\/"},"author":{"name":"NotiFES Digital","@id":"https:\/\/blogs.acatlan.unam.mx\/saladeprensa\/#\/schema\/person\/89d21726fc33d9770774677815935a53"},"headline":"Reconocen labor de 18 profesores de asignatura","datePublished":"2021-12-08T21:33:23+00:00","mainEntityOfPage":{"@id":"https:\/\/blogs.acatlan.unam.mx\/saladeprensa\/2021\/12\/08\/reconocen-labor-de-18-profesores-de-asignatura\/"},"wordCount":710,"publisher":{"@id":"https:\/\/blogs.acatlan.unam.mx\/saladeprensa\/#organization"},"image":{"@id":"https:\/\/blogs.acatlan.unam.mx\/saladeprensa\/2021\/12\/08\/reconocen-labor-de-18-profesores-de-asignatura\/#primaryimage"},"thumbnailUrl":"https:\/\/i.imgur.com\/aZdWvRel.jpg","articleSection":["Boletines"],"inLanguage":"es"},{"@type":"WebPage","@id":"https:\/\/blogs.acatlan.unam.mx\/saladeprensa\/2021\/12\/08\/reconocen-labor-de-18-profesores-de-asignatura\/","url":"https:\/\/blogs.acatlan.unam.mx\/saladeprensa\/2021\/12\/08\/reconocen-labor-de-18-profesores-de-asignatura\/","name":"Reconocen labor de 18 profesores de asignatura - NotiFES Digital","isPartOf":{"@id":"https:\/\/blogs.acatlan.unam.mx\/saladeprensa\/#website"},"primaryImageOfPage":{"@id":"https:\/\/blogs.acatlan.unam.mx\/saladeprensa\/2021\/12\/08\/reconocen-labor-de-18-profesores-de-asignatura\/#primaryimage"},"image":{"@id":"https:\/\/blogs.acatlan.unam.mx\/saladeprensa\/2021\/12\/08\/reconocen-labor-de-18-profesores-de-asignatura\/#primaryimage"},"thumbnailUrl":"https:\/\/i.imgur.com\/aZdWvRel.jpg","datePublished":"2021-12-08T21:33:23+00:00","breadcrumb":{"@id":"https:\/\/blogs.acatlan.unam.mx\/saladeprensa\/2021\/12\/08\/reconocen-labor-de-18-profesores-de-asignatura\/#breadcrumb"},"inLanguage":"es","potentialAction":[{"@type":"ReadAction","target":["https:\/\/blogs.acatlan.unam.mx\/saladeprensa\/2021\/12\/08\/reconocen-labor-de-18-profesores-de-asignatura\/"]}]},{"@type":"ImageObject","inLanguage":"es","@id":"https:\/\/blogs.acatlan.unam.mx\/saladeprensa\/2021\/12\/08\/reconocen-labor-de-18-profesores-de-asignatura\/#primaryimage","url":"https:\/\/i.imgur.com\/aZdWvRel.jpg","contentUrl":"https:\/\/i.imgur.com\/aZdWvRel.jpg"},{"@type":"BreadcrumbList","@id":"https:\/\/blogs.acatlan.unam.mx\/saladeprensa\/2021\/12\/08\/reconocen-labor-de-18-profesores-de-asignatura\/#breadcrumb","itemListElement":[{"@type":"ListItem","position":1,"name":"Portada","item":"https:\/\/blogs.acatlan.unam.mx\/saladeprensa\/"},{"@type":"ListItem","position":2,"name":"Reconocen labor de 18 profesores de asignatura"}]},{"@type":"WebSite","@id":"https:\/\/blogs.acatlan.unam.mx\/saladeprensa\/#website","url":"https:\/\/blogs.acatlan.unam.mx\/saladeprensa\/","name":"NotiFES Digital","description":"Sitio dedicado a la difusi\u00f3n de noticias de la FES Acatl\u00e1n","publisher":{"@id":"https:\/\/blogs.acatlan.unam.mx\/saladeprensa\/#organization"},"potentialAction":[{"@type":"SearchAction","target":{"@type":"EntryPoint","urlTemplate":"https:\/\/blogs.acatlan.unam.mx\/saladeprensa\/?s={search_term_string}"},"query-input":{"@type":"PropertyValueSpecification","valueRequired":true,"valueName":"search_term_string"}}],"inLanguage":"es"},{"@type":"Organization","@id":"https:\/\/blogs.acatlan.unam.mx\/saladeprensa\/#organization","name":"NotiFES Digital","url":"https:\/\/blogs.acatlan.unam.mx\/saladeprensa\/","logo":{"@type":"ImageObject","inLanguage":"es","@id":"https:\/\/blogs.acatlan.unam.mx\/saladeprensa\/#\/schema\/logo\/image\/","url":"https:\/\/blogs.acatlan.unam.mx\/saladeprensa\/files\/2025\/01\/Logotipo-50-Aniversario-color.png","contentUrl":"https:\/\/blogs.acatlan.unam.mx\/saladeprensa\/files\/2025\/01\/Logotipo-50-Aniversario-color.png","width":4500,"height":3397,"caption":"NotiFES Digital"},"image":{"@id":"https:\/\/blogs.acatlan.unam.mx\/saladeprensa\/#\/schema\/logo\/image\/"}},{"@type":"Person","@id":"https:\/\/blogs.acatlan.unam.mx\/saladeprensa\/#\/schema\/person\/89d21726fc33d9770774677815935a53","name":"NotiFES Digital","image":{"@type":"ImageObject","inLanguage":"es","@id":"https:\/\/secure.gravatar.com\/avatar\/6480d699d37abf2c2302dda8d8e2845fc451e65b0e3dfcfa130e3e30475b9dd3?s=96&d=mm&r=g","url":"https:\/\/secure.gravatar.com\/avatar\/6480d699d37abf2c2302dda8d8e2845fc451e65b0e3dfcfa130e3e30475b9dd3?s=96&d=mm&r=g","contentUrl":"https:\/\/secure.gravatar.com\/avatar\/6480d699d37abf2c2302dda8d8e2845fc451e65b0e3dfcfa130e3e30475b9dd3?s=96&d=mm&r=g","caption":"NotiFES Digital"},"url":"https:\/\/blogs.acatlan.unam.mx\/saladeprensa\/author\/saladeprensa\/"}]}},"_links":{"self":[{"href":"https:\/\/blogs.acatlan.unam.mx\/saladeprensa\/wp-json\/wp\/v2\/posts\/5134","targetHints":{"allow":["GET"]}}],"collection":[{"href":"https:\/\/blogs.acatlan.unam.mx\/saladeprensa\/wp-json\/wp\/v2\/posts"}],"about":[{"href":"https:\/\/blogs.acatlan.unam.mx\/saladeprensa\/wp-json\/wp\/v2\/types\/post"}],"author":[{"embeddable":true,"href":"https:\/\/blogs.acatlan.unam.mx\/saladeprensa\/wp-json\/wp\/v2\/users\/48"}],"replies":[{"embeddable":true,"href":"https:\/\/blogs.acatlan.unam.mx\/saladeprensa\/wp-json\/wp\/v2\/comments?post=5134"}],"version-history":[{"count":2,"href":"https:\/\/blogs.acatlan.unam.mx\/saladeprensa\/wp-json\/wp\/v2\/posts\/5134\/revisions"}],"predecessor-version":[{"id":5136,"href":"https:\/\/blogs.acatlan.unam.mx\/saladeprensa\/wp-json\/wp\/v2\/posts\/5134\/revisions\/5136"}],"wp:attachment":[{"href":"https:\/\/blogs.acatlan.unam.mx\/saladeprensa\/wp-json\/wp\/v2\/media?parent=5134"}],"wp:term":[{"taxonomy":"category","embeddable":true,"href":"https:\/\/blogs.acatlan.unam.mx\/saladeprensa\/wp-json\/wp\/v2\/categories?post=5134"},{"taxonomy":"post_tag","embeddable":true,"href":"https:\/\/blogs.acatlan.unam.mx\/saladeprensa\/wp-json\/wp\/v2\/tags?post=5134"}],"curies":[{"name":"wp","href":"https:\/\/api.w.org\/{rel}","templated":true}]}}