{"id":4634,"date":"2021-06-04T14:09:57","date_gmt":"2021-06-04T19:09:57","guid":{"rendered":"http:\/\/blogs.acatlan.unam.mx\/saladeprensa\/?p=4634"},"modified":"2021-06-04T14:09:57","modified_gmt":"2021-06-04T19:09:57","slug":"catedraticos-del-posgrado-de-acatlan-comentan-obra-juridica","status":"publish","type":"post","link":"https:\/\/blogs.acatlan.unam.mx\/saladeprensa\/2021\/06\/04\/catedraticos-del-posgrado-de-acatlan-comentan-obra-juridica\/","title":{"rendered":"Catedr\u00e1ticos del Posgrado de Acatl\u00e1n comentan obra jur\u00eddica"},"content":{"rendered":"<p><a href=\"https:\/\/imgur.com\/EqapsMz\"><img decoding=\"async\" src=\"https:\/\/i.imgur.com\/EqapsMzl.png\" title=\"source: imgur.com\" \/><\/a><\/p>\n<h4>\u2022Se trata del tomo 6 de Pasos hacia una revoluci\u00f3n en la ense\u00f1anza del derecho en el sistema romano-germ\u00e1nico<\/h4>\n<p>El Posgrado de la Facultad de Estudios Superiores Acatl\u00e1n transmiti\u00f3 v\u00eda zoom la presentaci\u00f3n del tomo 6 Pasos hacia una revoluci\u00f3n en la ense\u00f1anza del derecho en el sistema romano-germ\u00e1nico, obra que supera en conjunto las cuatro mil p\u00e1ginas de extensi\u00f3n, coordinada por el doctor Enrique C\u00e1ceres Nieto, del Instituto de Investigaciones Jur\u00eddicas (IIJ), evento en el que participaron catedr\u00e1ticos de nuestro campus.<\/p>\n<p><!--more--><\/p>\n<p>Con el eje tem\u00e1tico de pedagog\u00eda jur\u00eddica durante y post pandemia, el doctor V\u00edctor Manuel Rangel Cort\u00e9s, del Posgrado de Acatl\u00e1n, destac\u00f3 el hecho de poder consultar en l\u00ednea los seis tomos de la obra en cuesti\u00f3n. Su aportaci\u00f3n se basa, dijo, en la ense\u00f1anza con la plataforma moodle, donde los estudiantes cobran protagonismo. Cabe mencionar que esa opci\u00f3n se utiliza en varias disciplinas y desde hace a\u00f1os en nuestro campus.<\/p>\n<p><a href=\"https:\/\/imgur.com\/UdPREXB\"><img decoding=\"async\" src=\"https:\/\/i.imgur.com\/UdPREXBl.png\" title=\"source: imgur.com\" \/><\/a><\/p>\n<p>Por su parte, la maestra Flor de Mar\u00eda Zavala Cueva, del Posgrado en Acatl\u00e1n present\u00f3 un video donde destac\u00f3 su aportaci\u00f3n, Proceso deontol\u00f3gico, donde \u201cla interiorizaci\u00f3n del proceso cognitivo del alumnado implica el cuestionamiento de sus saberes previos y posibilita el desarrollo del operador jur\u00eddico con responsabilidad social y deontol\u00f3gico. Tambi\u00e9n ofreci\u00f3 detalles de sus trabajos: Cl\u00ednica jur\u00eddica: Avances en la investigaci\u00f3n did\u00e1ctica-pedag\u00f3gica y la consolidaci\u00f3n de su m\u00e9todo, y el Caso pr\u00e1ctico: Conocimiento del medio hist\u00f3rico-sociocultural y del estudiante.<\/p>\n<p><a href=\"https:\/\/imgur.com\/0RaMVgH\"><img decoding=\"async\" src=\"https:\/\/i.imgur.com\/0RaMVgHl.png\" title=\"source: imgur.com\" \/><\/a><\/p>\n<p>A su vez, el doctor C\u00e1ceres Nieto refiri\u00f3 que la obra re\u00fane ponencias de investigadores de la UNAM, as\u00ed como de otras entidades educativas nacionales y extranjeras en una d\u00e9cada de congresos celebrados. Adem\u00e1s, han desarrollado productos como una plataforma, un blog y una cuenta en YouTube para difundir los cursos y eventos relacionados con las investigaciones jur\u00eddicas.<\/p>\n<p>Finalmente, la doctora Carmen Patricia L\u00f3pez Olvera, del IIJ, hizo un recuento de los 18 congresos hasta ahora realizados, lapso en el que los investigadores reportaron cambios en los m\u00e9todos y protocolos de la ense\u00f1anza jur\u00eddica entre los alumnos, y agreg\u00f3 que en los seis tomos publicados se encuentran 175 cap\u00edtulos con autores de M\u00e9xico, Colombia, Ecuador, El Salvador, Espa\u00f1a, Chile, Cuba, Per\u00fa, Brasil y Costa Rica. El tomo 6 en particular tiene 45 contribuciones, entre las que se encuentran aportaciones individuales y en coautor\u00eda\u201d.<\/p>\n<p><a href=\"https:\/\/imgur.com\/wpd4UiZ\"><img decoding=\"async\" src=\"https:\/\/i.imgur.com\/wpd4UiZl.png\" title=\"source: imgur.com\" \/><\/a><\/p>\n<h4>Aportes de Acatl\u00e1n<\/h4>\n<p>La obra Pasos hacia una revoluci\u00f3n en la ense\u00f1anza del derecho en el sistema romano-germ\u00e1nico, la integran seis tomos, cada uno contiene cap\u00edtulos con investigaciones acad\u00e9micas; el aporte de la FES Acatl\u00e1n se centra en los tres \u00faltimos congresos jur\u00eddicos que han tenido lugar en diferentes sedes.<\/p>\n<p>En el congreso de 2018, el doctor Rangel Cort\u00e9s entreg\u00f3 el cap\u00edtulo B\u00fasqueda de informaci\u00f3n de Calidad en la Era del Internet, en 2019, Moodel, una estrategia exitosa en la ense\u00f1anza del derecho, y en 2020 lo hizo con Retos de la ense\u00f1anza del derecho a distancia luego del COVID-19.<\/p>\n<p><a href=\"https:\/\/imgur.com\/QjzNkkv\"><img decoding=\"async\" src=\"https:\/\/i.imgur.com\/QjzNkkvl.png\" title=\"source: imgur.com\" \/><\/a><\/p>\n<p>Por su parte, la maestra Zavala Cueva present\u00f3 los cap\u00edtulos denominados cl\u00ednicas jur\u00eddicas: Proyecto Pedag\u00f3gico Complejo, Generador de Buenas Pr\u00e1cticas Forenses con Tradici\u00f3n Deontol\u00f3gica, en 2018, Avances en la Investigaci\u00f3n did\u00e1ctica-pedag\u00f3gica y la consolidaci\u00f3n de su m\u00e9todo, en 2019, y en 2020, Proyecto Pedag\u00f3gico Complejo, Generador de Buenas Pr\u00e1cticas Forenses con Tradici\u00f3n Deontol\u00f3gica.<\/p>\n","protected":false},"excerpt":{"rendered":"<p>\u2022Se trata del tomo 6 de Pasos hacia una revoluci\u00f3n en la ense\u00f1anza del derecho en el sistema romano-germ\u00e1nico El Posgrado de la Facultad de Estudios Superiores Acatl\u00e1n transmiti\u00f3 v\u00eda zoom la presentaci\u00f3n del tomo 6 Pasos hacia una revoluci\u00f3n en la ense\u00f1anza del derecho en el sistema romano-germ\u00e1nico, obra que supera en conjunto las [&hellip;]<\/p>\n","protected":false},"author":48,"featured_media":0,"comment_status":"closed","ping_status":"closed","sticky":false,"template":"","format":"standard","meta":{"_exactmetrics_skip_tracking":false,"fifu_image_url":"","fifu_image_alt":"","footnotes":""},"categories":[2],"tags":[],"class_list":["post-4634","post","type-post","status-publish","format-standard","hentry","category-boletines"],"yoast_head":"<!-- This site is optimized with the Yoast SEO plugin v28.1 - https:\/\/yoast.com\/product\/yoast-seo-wordpress\/ -->\n<title>Catedr\u00e1ticos del Posgrado de Acatl\u00e1n comentan obra jur\u00eddica - NotiFES Digital<\/title>\n<meta name=\"robots\" content=\"index, follow, max-snippet:-1, max-image-preview:large, max-video-preview:-1\" \/>\n<link rel=\"canonical\" href=\"https:\/\/blogs.acatlan.unam.mx\/saladeprensa\/2021\/06\/04\/catedraticos-del-posgrado-de-acatlan-comentan-obra-juridica\/\" \/>\n<meta property=\"og:locale\" content=\"es_ES\" \/>\n<meta property=\"og:type\" content=\"article\" \/>\n<meta property=\"og:title\" content=\"Catedr\u00e1ticos del Posgrado de Acatl\u00e1n comentan obra jur\u00eddica - NotiFES Digital\" \/>\n<meta property=\"og:description\" content=\"\u2022Se trata del tomo 6 de Pasos hacia una revoluci\u00f3n en la ense\u00f1anza del derecho en el sistema romano-germ\u00e1nico El Posgrado de la Facultad de Estudios Superiores Acatl\u00e1n transmiti\u00f3 v\u00eda zoom la presentaci\u00f3n del tomo 6 Pasos hacia una revoluci\u00f3n en la ense\u00f1anza del derecho en el sistema romano-germ\u00e1nico, obra que supera en conjunto las [&hellip;]\" \/>\n<meta property=\"og:url\" content=\"https:\/\/blogs.acatlan.unam.mx\/saladeprensa\/2021\/06\/04\/catedraticos-del-posgrado-de-acatlan-comentan-obra-juridica\/\" \/>\n<meta property=\"og:site_name\" content=\"NotiFES Digital\" \/>\n<meta property=\"article:published_time\" content=\"2021-06-04T19:09:57+00:00\" \/>\n<meta property=\"og:image\" content=\"https:\/\/i.imgur.com\/EqapsMzl.png\" \/>\n<meta name=\"author\" content=\"NotiFES Digital\" \/>\n<meta name=\"twitter:card\" content=\"summary_large_image\" \/>\n<meta name=\"twitter:label1\" content=\"Escrito por\" \/>\n\t<meta name=\"twitter:data1\" content=\"NotiFES Digital\" \/>\n\t<meta name=\"twitter:label2\" content=\"Tiempo de lectura\" \/>\n\t<meta name=\"twitter:data2\" content=\"3 minutos\" \/>\n<script type=\"application\/ld+json\" class=\"yoast-schema-graph\">{\"@context\":\"https:\\\/\\\/schema.org\",\"@graph\":[{\"@type\":\"Article\",\"@id\":\"https:\\\/\\\/blogs.acatlan.unam.mx\\\/saladeprensa\\\/2021\\\/06\\\/04\\\/catedraticos-del-posgrado-de-acatlan-comentan-obra-juridica\\\/#article\",\"isPartOf\":{\"@id\":\"https:\\\/\\\/blogs.acatlan.unam.mx\\\/saladeprensa\\\/2021\\\/06\\\/04\\\/catedraticos-del-posgrado-de-acatlan-comentan-obra-juridica\\\/\"},\"author\":{\"name\":\"NotiFES Digital\",\"@id\":\"https:\\\/\\\/blogs.acatlan.unam.mx\\\/saladeprensa\\\/#\\\/schema\\\/person\\\/89d21726fc33d9770774677815935a53\"},\"headline\":\"Catedr\u00e1ticos del Posgrado de Acatl\u00e1n comentan obra jur\u00eddica\",\"datePublished\":\"2021-06-04T19:09:57+00:00\",\"mainEntityOfPage\":{\"@id\":\"https:\\\/\\\/blogs.acatlan.unam.mx\\\/saladeprensa\\\/2021\\\/06\\\/04\\\/catedraticos-del-posgrado-de-acatlan-comentan-obra-juridica\\\/\"},\"wordCount\":614,\"publisher\":{\"@id\":\"https:\\\/\\\/blogs.acatlan.unam.mx\\\/saladeprensa\\\/#organization\"},\"image\":{\"@id\":\"https:\\\/\\\/blogs.acatlan.unam.mx\\\/saladeprensa\\\/2021\\\/06\\\/04\\\/catedraticos-del-posgrado-de-acatlan-comentan-obra-juridica\\\/#primaryimage\"},\"thumbnailUrl\":\"https:\\\/\\\/i.imgur.com\\\/EqapsMzl.png\",\"articleSection\":[\"Boletines\"],\"inLanguage\":\"es\"},{\"@type\":\"WebPage\",\"@id\":\"https:\\\/\\\/blogs.acatlan.unam.mx\\\/saladeprensa\\\/2021\\\/06\\\/04\\\/catedraticos-del-posgrado-de-acatlan-comentan-obra-juridica\\\/\",\"url\":\"https:\\\/\\\/blogs.acatlan.unam.mx\\\/saladeprensa\\\/2021\\\/06\\\/04\\\/catedraticos-del-posgrado-de-acatlan-comentan-obra-juridica\\\/\",\"name\":\"Catedr\u00e1ticos del Posgrado de Acatl\u00e1n comentan obra jur\u00eddica - NotiFES Digital\",\"isPartOf\":{\"@id\":\"https:\\\/\\\/blogs.acatlan.unam.mx\\\/saladeprensa\\\/#website\"},\"primaryImageOfPage\":{\"@id\":\"https:\\\/\\\/blogs.acatlan.unam.mx\\\/saladeprensa\\\/2021\\\/06\\\/04\\\/catedraticos-del-posgrado-de-acatlan-comentan-obra-juridica\\\/#primaryimage\"},\"image\":{\"@id\":\"https:\\\/\\\/blogs.acatlan.unam.mx\\\/saladeprensa\\\/2021\\\/06\\\/04\\\/catedraticos-del-posgrado-de-acatlan-comentan-obra-juridica\\\/#primaryimage\"},\"thumbnailUrl\":\"https:\\\/\\\/i.imgur.com\\\/EqapsMzl.png\",\"datePublished\":\"2021-06-04T19:09:57+00:00\",\"breadcrumb\":{\"@id\":\"https:\\\/\\\/blogs.acatlan.unam.mx\\\/saladeprensa\\\/2021\\\/06\\\/04\\\/catedraticos-del-posgrado-de-acatlan-comentan-obra-juridica\\\/#breadcrumb\"},\"inLanguage\":\"es\",\"potentialAction\":[{\"@type\":\"ReadAction\",\"target\":[\"https:\\\/\\\/blogs.acatlan.unam.mx\\\/saladeprensa\\\/2021\\\/06\\\/04\\\/catedraticos-del-posgrado-de-acatlan-comentan-obra-juridica\\\/\"]}]},{\"@type\":\"ImageObject\",\"inLanguage\":\"es\",\"@id\":\"https:\\\/\\\/blogs.acatlan.unam.mx\\\/saladeprensa\\\/2021\\\/06\\\/04\\\/catedraticos-del-posgrado-de-acatlan-comentan-obra-juridica\\\/#primaryimage\",\"url\":\"https:\\\/\\\/i.imgur.com\\\/EqapsMzl.png\",\"contentUrl\":\"https:\\\/\\\/i.imgur.com\\\/EqapsMzl.png\"},{\"@type\":\"BreadcrumbList\",\"@id\":\"https:\\\/\\\/blogs.acatlan.unam.mx\\\/saladeprensa\\\/2021\\\/06\\\/04\\\/catedraticos-del-posgrado-de-acatlan-comentan-obra-juridica\\\/#breadcrumb\",\"itemListElement\":[{\"@type\":\"ListItem\",\"position\":1,\"name\":\"Portada\",\"item\":\"https:\\\/\\\/blogs.acatlan.unam.mx\\\/saladeprensa\\\/\"},{\"@type\":\"ListItem\",\"position\":2,\"name\":\"Catedr\u00e1ticos del Posgrado de Acatl\u00e1n comentan obra jur\u00eddica\"}]},{\"@type\":\"WebSite\",\"@id\":\"https:\\\/\\\/blogs.acatlan.unam.mx\\\/saladeprensa\\\/#website\",\"url\":\"https:\\\/\\\/blogs.acatlan.unam.mx\\\/saladeprensa\\\/\",\"name\":\"NotiFES Digital\",\"description\":\"Sitio dedicado a la difusi\u00f3n de noticias de la FES Acatl\u00e1n\",\"publisher\":{\"@id\":\"https:\\\/\\\/blogs.acatlan.unam.mx\\\/saladeprensa\\\/#organization\"},\"potentialAction\":[{\"@type\":\"SearchAction\",\"target\":{\"@type\":\"EntryPoint\",\"urlTemplate\":\"https:\\\/\\\/blogs.acatlan.unam.mx\\\/saladeprensa\\\/?s={search_term_string}\"},\"query-input\":{\"@type\":\"PropertyValueSpecification\",\"valueRequired\":true,\"valueName\":\"search_term_string\"}}],\"inLanguage\":\"es\"},{\"@type\":\"Organization\",\"@id\":\"https:\\\/\\\/blogs.acatlan.unam.mx\\\/saladeprensa\\\/#organization\",\"name\":\"NotiFES Digital\",\"url\":\"https:\\\/\\\/blogs.acatlan.unam.mx\\\/saladeprensa\\\/\",\"logo\":{\"@type\":\"ImageObject\",\"inLanguage\":\"es\",\"@id\":\"https:\\\/\\\/blogs.acatlan.unam.mx\\\/saladeprensa\\\/#\\\/schema\\\/logo\\\/image\\\/\",\"url\":\"https:\\\/\\\/blogs.acatlan.unam.mx\\\/saladeprensa\\\/files\\\/2025\\\/01\\\/Logotipo-50-Aniversario-color.png\",\"contentUrl\":\"https:\\\/\\\/blogs.acatlan.unam.mx\\\/saladeprensa\\\/files\\\/2025\\\/01\\\/Logotipo-50-Aniversario-color.png\",\"width\":4500,\"height\":3397,\"caption\":\"NotiFES Digital\"},\"image\":{\"@id\":\"https:\\\/\\\/blogs.acatlan.unam.mx\\\/saladeprensa\\\/#\\\/schema\\\/logo\\\/image\\\/\"}},{\"@type\":\"Person\",\"@id\":\"https:\\\/\\\/blogs.acatlan.unam.mx\\\/saladeprensa\\\/#\\\/schema\\\/person\\\/89d21726fc33d9770774677815935a53\",\"name\":\"NotiFES Digital\",\"image\":{\"@type\":\"ImageObject\",\"inLanguage\":\"es\",\"@id\":\"https:\\\/\\\/secure.gravatar.com\\\/avatar\\\/6480d699d37abf2c2302dda8d8e2845fc451e65b0e3dfcfa130e3e30475b9dd3?s=96&d=mm&r=g\",\"url\":\"https:\\\/\\\/secure.gravatar.com\\\/avatar\\\/6480d699d37abf2c2302dda8d8e2845fc451e65b0e3dfcfa130e3e30475b9dd3?s=96&d=mm&r=g\",\"contentUrl\":\"https:\\\/\\\/secure.gravatar.com\\\/avatar\\\/6480d699d37abf2c2302dda8d8e2845fc451e65b0e3dfcfa130e3e30475b9dd3?s=96&d=mm&r=g\",\"caption\":\"NotiFES Digital\"},\"url\":\"https:\\\/\\\/blogs.acatlan.unam.mx\\\/saladeprensa\\\/author\\\/saladeprensa\\\/\"}]}<\/script>\n<!-- \/ Yoast SEO plugin. -->","yoast_head_json":{"title":"Catedr\u00e1ticos del Posgrado de Acatl\u00e1n comentan obra jur\u00eddica - NotiFES Digital","robots":{"index":"index","follow":"follow","max-snippet":"max-snippet:-1","max-image-preview":"max-image-preview:large","max-video-preview":"max-video-preview:-1"},"canonical":"https:\/\/blogs.acatlan.unam.mx\/saladeprensa\/2021\/06\/04\/catedraticos-del-posgrado-de-acatlan-comentan-obra-juridica\/","og_locale":"es_ES","og_type":"article","og_title":"Catedr\u00e1ticos del Posgrado de Acatl\u00e1n comentan obra jur\u00eddica - NotiFES Digital","og_description":"\u2022Se trata del tomo 6 de Pasos hacia una revoluci\u00f3n en la ense\u00f1anza del derecho en el sistema romano-germ\u00e1nico El Posgrado de la Facultad de Estudios Superiores Acatl\u00e1n transmiti\u00f3 v\u00eda zoom la presentaci\u00f3n del tomo 6 Pasos hacia una revoluci\u00f3n en la ense\u00f1anza del derecho en el sistema romano-germ\u00e1nico, obra que supera en conjunto las [&hellip;]","og_url":"https:\/\/blogs.acatlan.unam.mx\/saladeprensa\/2021\/06\/04\/catedraticos-del-posgrado-de-acatlan-comentan-obra-juridica\/","og_site_name":"NotiFES Digital","article_published_time":"2021-06-04T19:09:57+00:00","og_image":[{"url":"https:\/\/i.imgur.com\/EqapsMzl.png","type":"","width":"","height":""}],"author":"NotiFES Digital","twitter_card":"summary_large_image","twitter_misc":{"Escrito por":"NotiFES Digital","Tiempo de lectura":"3 minutos"},"schema":{"@context":"https:\/\/schema.org","@graph":[{"@type":"Article","@id":"https:\/\/blogs.acatlan.unam.mx\/saladeprensa\/2021\/06\/04\/catedraticos-del-posgrado-de-acatlan-comentan-obra-juridica\/#article","isPartOf":{"@id":"https:\/\/blogs.acatlan.unam.mx\/saladeprensa\/2021\/06\/04\/catedraticos-del-posgrado-de-acatlan-comentan-obra-juridica\/"},"author":{"name":"NotiFES Digital","@id":"https:\/\/blogs.acatlan.unam.mx\/saladeprensa\/#\/schema\/person\/89d21726fc33d9770774677815935a53"},"headline":"Catedr\u00e1ticos del Posgrado de Acatl\u00e1n comentan obra jur\u00eddica","datePublished":"2021-06-04T19:09:57+00:00","mainEntityOfPage":{"@id":"https:\/\/blogs.acatlan.unam.mx\/saladeprensa\/2021\/06\/04\/catedraticos-del-posgrado-de-acatlan-comentan-obra-juridica\/"},"wordCount":614,"publisher":{"@id":"https:\/\/blogs.acatlan.unam.mx\/saladeprensa\/#organization"},"image":{"@id":"https:\/\/blogs.acatlan.unam.mx\/saladeprensa\/2021\/06\/04\/catedraticos-del-posgrado-de-acatlan-comentan-obra-juridica\/#primaryimage"},"thumbnailUrl":"https:\/\/i.imgur.com\/EqapsMzl.png","articleSection":["Boletines"],"inLanguage":"es"},{"@type":"WebPage","@id":"https:\/\/blogs.acatlan.unam.mx\/saladeprensa\/2021\/06\/04\/catedraticos-del-posgrado-de-acatlan-comentan-obra-juridica\/","url":"https:\/\/blogs.acatlan.unam.mx\/saladeprensa\/2021\/06\/04\/catedraticos-del-posgrado-de-acatlan-comentan-obra-juridica\/","name":"Catedr\u00e1ticos del Posgrado de Acatl\u00e1n comentan obra jur\u00eddica - NotiFES Digital","isPartOf":{"@id":"https:\/\/blogs.acatlan.unam.mx\/saladeprensa\/#website"},"primaryImageOfPage":{"@id":"https:\/\/blogs.acatlan.unam.mx\/saladeprensa\/2021\/06\/04\/catedraticos-del-posgrado-de-acatlan-comentan-obra-juridica\/#primaryimage"},"image":{"@id":"https:\/\/blogs.acatlan.unam.mx\/saladeprensa\/2021\/06\/04\/catedraticos-del-posgrado-de-acatlan-comentan-obra-juridica\/#primaryimage"},"thumbnailUrl":"https:\/\/i.imgur.com\/EqapsMzl.png","datePublished":"2021-06-04T19:09:57+00:00","breadcrumb":{"@id":"https:\/\/blogs.acatlan.unam.mx\/saladeprensa\/2021\/06\/04\/catedraticos-del-posgrado-de-acatlan-comentan-obra-juridica\/#breadcrumb"},"inLanguage":"es","potentialAction":[{"@type":"ReadAction","target":["https:\/\/blogs.acatlan.unam.mx\/saladeprensa\/2021\/06\/04\/catedraticos-del-posgrado-de-acatlan-comentan-obra-juridica\/"]}]},{"@type":"ImageObject","inLanguage":"es","@id":"https:\/\/blogs.acatlan.unam.mx\/saladeprensa\/2021\/06\/04\/catedraticos-del-posgrado-de-acatlan-comentan-obra-juridica\/#primaryimage","url":"https:\/\/i.imgur.com\/EqapsMzl.png","contentUrl":"https:\/\/i.imgur.com\/EqapsMzl.png"},{"@type":"BreadcrumbList","@id":"https:\/\/blogs.acatlan.unam.mx\/saladeprensa\/2021\/06\/04\/catedraticos-del-posgrado-de-acatlan-comentan-obra-juridica\/#breadcrumb","itemListElement":[{"@type":"ListItem","position":1,"name":"Portada","item":"https:\/\/blogs.acatlan.unam.mx\/saladeprensa\/"},{"@type":"ListItem","position":2,"name":"Catedr\u00e1ticos del Posgrado de Acatl\u00e1n comentan obra jur\u00eddica"}]},{"@type":"WebSite","@id":"https:\/\/blogs.acatlan.unam.mx\/saladeprensa\/#website","url":"https:\/\/blogs.acatlan.unam.mx\/saladeprensa\/","name":"NotiFES Digital","description":"Sitio dedicado a la difusi\u00f3n de noticias de la FES Acatl\u00e1n","publisher":{"@id":"https:\/\/blogs.acatlan.unam.mx\/saladeprensa\/#organization"},"potentialAction":[{"@type":"SearchAction","target":{"@type":"EntryPoint","urlTemplate":"https:\/\/blogs.acatlan.unam.mx\/saladeprensa\/?s={search_term_string}"},"query-input":{"@type":"PropertyValueSpecification","valueRequired":true,"valueName":"search_term_string"}}],"inLanguage":"es"},{"@type":"Organization","@id":"https:\/\/blogs.acatlan.unam.mx\/saladeprensa\/#organization","name":"NotiFES Digital","url":"https:\/\/blogs.acatlan.unam.mx\/saladeprensa\/","logo":{"@type":"ImageObject","inLanguage":"es","@id":"https:\/\/blogs.acatlan.unam.mx\/saladeprensa\/#\/schema\/logo\/image\/","url":"https:\/\/blogs.acatlan.unam.mx\/saladeprensa\/files\/2025\/01\/Logotipo-50-Aniversario-color.png","contentUrl":"https:\/\/blogs.acatlan.unam.mx\/saladeprensa\/files\/2025\/01\/Logotipo-50-Aniversario-color.png","width":4500,"height":3397,"caption":"NotiFES Digital"},"image":{"@id":"https:\/\/blogs.acatlan.unam.mx\/saladeprensa\/#\/schema\/logo\/image\/"}},{"@type":"Person","@id":"https:\/\/blogs.acatlan.unam.mx\/saladeprensa\/#\/schema\/person\/89d21726fc33d9770774677815935a53","name":"NotiFES Digital","image":{"@type":"ImageObject","inLanguage":"es","@id":"https:\/\/secure.gravatar.com\/avatar\/6480d699d37abf2c2302dda8d8e2845fc451e65b0e3dfcfa130e3e30475b9dd3?s=96&d=mm&r=g","url":"https:\/\/secure.gravatar.com\/avatar\/6480d699d37abf2c2302dda8d8e2845fc451e65b0e3dfcfa130e3e30475b9dd3?s=96&d=mm&r=g","contentUrl":"https:\/\/secure.gravatar.com\/avatar\/6480d699d37abf2c2302dda8d8e2845fc451e65b0e3dfcfa130e3e30475b9dd3?s=96&d=mm&r=g","caption":"NotiFES Digital"},"url":"https:\/\/blogs.acatlan.unam.mx\/saladeprensa\/author\/saladeprensa\/"}]}},"_links":{"self":[{"href":"https:\/\/blogs.acatlan.unam.mx\/saladeprensa\/wp-json\/wp\/v2\/posts\/4634","targetHints":{"allow":["GET"]}}],"collection":[{"href":"https:\/\/blogs.acatlan.unam.mx\/saladeprensa\/wp-json\/wp\/v2\/posts"}],"about":[{"href":"https:\/\/blogs.acatlan.unam.mx\/saladeprensa\/wp-json\/wp\/v2\/types\/post"}],"author":[{"embeddable":true,"href":"https:\/\/blogs.acatlan.unam.mx\/saladeprensa\/wp-json\/wp\/v2\/users\/48"}],"replies":[{"embeddable":true,"href":"https:\/\/blogs.acatlan.unam.mx\/saladeprensa\/wp-json\/wp\/v2\/comments?post=4634"}],"version-history":[{"count":1,"href":"https:\/\/blogs.acatlan.unam.mx\/saladeprensa\/wp-json\/wp\/v2\/posts\/4634\/revisions"}],"predecessor-version":[{"id":4635,"href":"https:\/\/blogs.acatlan.unam.mx\/saladeprensa\/wp-json\/wp\/v2\/posts\/4634\/revisions\/4635"}],"wp:attachment":[{"href":"https:\/\/blogs.acatlan.unam.mx\/saladeprensa\/wp-json\/wp\/v2\/media?parent=4634"}],"wp:term":[{"taxonomy":"category","embeddable":true,"href":"https:\/\/blogs.acatlan.unam.mx\/saladeprensa\/wp-json\/wp\/v2\/categories?post=4634"},{"taxonomy":"post_tag","embeddable":true,"href":"https:\/\/blogs.acatlan.unam.mx\/saladeprensa\/wp-json\/wp\/v2\/tags?post=4634"}],"curies":[{"name":"wp","href":"https:\/\/api.w.org\/{rel}","templated":true}]}}