{"id":4160,"date":"2020-08-23T12:28:29","date_gmt":"2020-08-23T17:28:29","guid":{"rendered":"http:\/\/blogs.acatlan.unam.mx\/saladeprensa\/?p=4160"},"modified":"2020-08-23T13:01:38","modified_gmt":"2020-08-23T18:01:38","slug":"la-violencia-contra-la-mujer-en-tiempos-de-la-pandemia-covid-19","status":"publish","type":"post","link":"https:\/\/blogs.acatlan.unam.mx\/saladeprensa\/2020\/08\/23\/la-violencia-contra-la-mujer-en-tiempos-de-la-pandemia-covid-19\/","title":{"rendered":"La violencia contra la mujer en tiempos de la pandemia COVID-19"},"content":{"rendered":"<h6><a href=\"https:\/\/imgur.com\/Oq71D9Q\"><img decoding=\"async\" title=\"source: imgur.com\" src=\"https:\/\/i.imgur.com\/Oq71D9Ql.jpg\" \/><\/a><br \/>\nImagen: Transmisi\u00f3n El Universal<\/h6>\n<h4>\u2022 En foro virtual, cuatro especialistas analizaron la escalada de violencia familiar debido al confinamiento y la restricci\u00f3n de la movilidad producida por la pandemia<br \/>\n\u2022 Cont\u00f3 con la participaci\u00f3n de Rosario Guerra D\u00edaz, catedr\u00e1tica de la FES Acatl\u00e1n<\/h4>\n<p>La Fundaci\u00f3n Miguel Alem\u00e1n A.C. y el peri\u00f3dico <em>El Universal<\/em> transmitieron el foro virtual <em>La violencia contra la mujer en tiempos de la pandemia de la COVID-19<\/em>, un espacio donde cuatro especialistas compartieron inquietudes sobre la atenci\u00f3n a los casos de violencia familiar y los distintos factores que afectan la integridad y seguridad de las mujeres en el contexto de la emergencia sanitaria. La mesa fue presentada por el doctor Sergio Garc\u00eda Ram\u00edrez, profesor em\u00e9rito de la UNAM y co-coordinador del Programa de Equidad de G\u00e9nero de la Fundaci\u00f3n Miguel Alem\u00e1n.<\/p>\n<p><!--more--><\/p>\n<p>La pandemia evidenci\u00f3 las desigualdades estructurales que afectan a las mujeres y ni\u00f1as, resalt\u00f3 la licenciada Guadalupe G\u00f3mez Maganda Bermeo, moderadora de este espacio y secretaria t\u00e9cnica del Programa de Equidad de G\u00e9nero de la Fundaci\u00f3n Miguel Alem\u00e1n. Resalt\u00f3 que, de acuerdo al sem\u00e1foro delictivo, durante el primer semestre del 2020 los feminicidios aumentaron un 40 por ciento en la Ciudad de M\u00e9xico.<\/p>\n<p>Por su parte, Rosario Guerra D\u00edaz, licenciada en Ciencias Pol\u00edticas y Administraci\u00f3n P\u00fablica por la UNAM y maestra en la FES Acatl\u00e1n-UNAM, abord\u00f3 la sobrecarga de trabajo de las mujeres durante el confinamiento al hacer una triple jornada: cuidar a los menores, realizar el trabajo dom\u00e9stico y cumplir con su jornada laboral en forma virtual o presencial.<\/p>\n<p><a href=\"https:\/\/imgur.com\/vHQikuT\"><img decoding=\"async\" title=\"source: imgur.com\" src=\"https:\/\/i.imgur.com\/vHQikuTl.jpg\" \/><\/a><\/p>\n<h6>Imagen: Transmisi\u00f3n El Universal<\/h6>\n<p>Asimismo, la catedr\u00e1tica universitaria indic\u00f3 que el confinamiento cambi\u00f3 las din\u00e1micas familiares, ya que la COVID-19 provoc\u00f3 un quiebre en las sociedades modernas que recrudeci\u00f3 o provoc\u00f3 una agresividad que se refleja en la familia. Tambi\u00e9n destac\u00f3 la importancia de asignar y mantener un presupuesto gubernamental a la atenci\u00f3n de estos casos, as\u00ed como la urgencia de que las distintas instancias y niveles se coordinen en la atenci\u00f3n de estas agresiones.<\/p>\n<p>A su vez, Layda Negrete, maestra en Derecho y Pol\u00edtica P\u00fablica por la Universidad de California en Berkeley, detall\u00f3 que la violencia familiar es uno de los delitos m\u00e1s denunciados, sin embargo, hay una falta de capacidad de las autoridades, como los Ministerios P\u00fablicos, para atenderlos. Enfatiz\u00f3 que en estos delitos se necesita brindar una multirrespuesta, adem\u00e1s de reconfigurar la respuesta de la autoridad, por ejemplo, pensar en mecanismos para extraer al agresor de los hogares en lugar de mandar a las v\u00edctimas a refugios.<\/p>\n<p>En cambio, Vianney Fern\u00e1ndez, maestra en Administraci\u00f3n y Pol\u00edticas P\u00fablicas por el Centro de Investigaci\u00f3n y Docencia Econ\u00f3micas (CIDE), se\u00f1al\u00f3 que la violencia familiar es consecuencia de otro tipo de violencias, como la estructural, por ello su medici\u00f3n puede servir como un radar para las autoridades. El encierro, destac\u00f3 Fern\u00e1ndez, ha potenciado conductas nocivas contra las mujeres, pues en marzo de 2020 hubo un pico hist\u00f3rico en cuanto a llamadas al 911 por violencia familiar y agresiones contra mujeres.<\/p>\n<p>Asimismo, la doctora Julieta Morales S\u00e1nchez, profesora de la Facultad de Derecho de la UNAM, describi\u00f3 que mujeres y ni\u00f1as quedaron encerradas con sus agresores durante el confinamiento, lo cual las alej\u00f3 a\u00fan m\u00e1s de los recursos y redes de apoyo. Sumado a lo anterior, la paralizaci\u00f3n de las instancias gubernamentales por la pandemia retras\u00f3 la atenci\u00f3n a mujeres sobrevivientes de violencia, el desempleo, la inseguridad econ\u00f3mica y alimentaria impidi\u00f3 que las mujeres se alejaran de sus agresores.<\/p>\n","protected":false},"excerpt":{"rendered":"<p>Imagen: Transmisi\u00f3n El Universal \u2022 En foro virtual, cuatro especialistas analizaron la escalada de violencia familiar debido al confinamiento y la restricci\u00f3n de la movilidad producida por la pandemia \u2022 Cont\u00f3 con la participaci\u00f3n de Rosario Guerra D\u00edaz, catedr\u00e1tica de la FES Acatl\u00e1n La Fundaci\u00f3n Miguel Alem\u00e1n A.C. y el peri\u00f3dico El Universal transmitieron el [&hellip;]<\/p>\n","protected":false},"author":48,"featured_media":0,"comment_status":"closed","ping_status":"closed","sticky":false,"template":"","format":"standard","meta":{"_exactmetrics_skip_tracking":false,"fifu_image_url":"","fifu_image_alt":"","footnotes":""},"categories":[2],"tags":[],"class_list":["post-4160","post","type-post","status-publish","format-standard","hentry","category-boletines"],"yoast_head":"<!-- This site is optimized with the Yoast SEO plugin v28.1 - https:\/\/yoast.com\/product\/yoast-seo-wordpress\/ -->\n<title>La violencia contra la mujer en tiempos de la pandemia COVID-19 - NotiFES Digital<\/title>\n<meta name=\"robots\" content=\"index, follow, max-snippet:-1, max-image-preview:large, max-video-preview:-1\" \/>\n<link rel=\"canonical\" href=\"https:\/\/blogs.acatlan.unam.mx\/saladeprensa\/2020\/08\/23\/la-violencia-contra-la-mujer-en-tiempos-de-la-pandemia-covid-19\/\" \/>\n<meta property=\"og:locale\" content=\"es_ES\" \/>\n<meta property=\"og:type\" content=\"article\" \/>\n<meta property=\"og:title\" content=\"La violencia contra la mujer en tiempos de la pandemia COVID-19 - NotiFES Digital\" \/>\n<meta property=\"og:description\" content=\"Imagen: Transmisi\u00f3n El Universal \u2022 En foro virtual, cuatro especialistas analizaron la escalada de violencia familiar debido al confinamiento y la restricci\u00f3n de la movilidad producida por la pandemia \u2022 Cont\u00f3 con la participaci\u00f3n de Rosario Guerra D\u00edaz, catedr\u00e1tica de la FES Acatl\u00e1n La Fundaci\u00f3n Miguel Alem\u00e1n A.C. y el peri\u00f3dico El Universal transmitieron el [&hellip;]\" \/>\n<meta property=\"og:url\" content=\"https:\/\/blogs.acatlan.unam.mx\/saladeprensa\/2020\/08\/23\/la-violencia-contra-la-mujer-en-tiempos-de-la-pandemia-covid-19\/\" \/>\n<meta property=\"og:site_name\" content=\"NotiFES Digital\" \/>\n<meta property=\"article:published_time\" content=\"2020-08-23T17:28:29+00:00\" \/>\n<meta property=\"article:modified_time\" content=\"2020-08-23T18:01:38+00:00\" \/>\n<meta property=\"og:image\" content=\"https:\/\/i.imgur.com\/Oq71D9Ql.jpg\" \/>\n<meta name=\"author\" content=\"NotiFES Digital\" \/>\n<meta name=\"twitter:card\" content=\"summary_large_image\" \/>\n<meta name=\"twitter:label1\" content=\"Escrito por\" \/>\n\t<meta name=\"twitter:data1\" content=\"NotiFES Digital\" \/>\n\t<meta name=\"twitter:label2\" content=\"Tiempo de lectura\" \/>\n\t<meta name=\"twitter:data2\" content=\"3 minutos\" \/>\n<script type=\"application\/ld+json\" class=\"yoast-schema-graph\">{\"@context\":\"https:\\\/\\\/schema.org\",\"@graph\":[{\"@type\":\"Article\",\"@id\":\"https:\\\/\\\/blogs.acatlan.unam.mx\\\/saladeprensa\\\/2020\\\/08\\\/23\\\/la-violencia-contra-la-mujer-en-tiempos-de-la-pandemia-covid-19\\\/#article\",\"isPartOf\":{\"@id\":\"https:\\\/\\\/blogs.acatlan.unam.mx\\\/saladeprensa\\\/2020\\\/08\\\/23\\\/la-violencia-contra-la-mujer-en-tiempos-de-la-pandemia-covid-19\\\/\"},\"author\":{\"name\":\"NotiFES Digital\",\"@id\":\"https:\\\/\\\/blogs.acatlan.unam.mx\\\/saladeprensa\\\/#\\\/schema\\\/person\\\/89d21726fc33d9770774677815935a53\"},\"headline\":\"La violencia contra la mujer en tiempos de la pandemia COVID-19\",\"datePublished\":\"2020-08-23T17:28:29+00:00\",\"dateModified\":\"2020-08-23T18:01:38+00:00\",\"mainEntityOfPage\":{\"@id\":\"https:\\\/\\\/blogs.acatlan.unam.mx\\\/saladeprensa\\\/2020\\\/08\\\/23\\\/la-violencia-contra-la-mujer-en-tiempos-de-la-pandemia-covid-19\\\/\"},\"wordCount\":636,\"publisher\":{\"@id\":\"https:\\\/\\\/blogs.acatlan.unam.mx\\\/saladeprensa\\\/#organization\"},\"image\":{\"@id\":\"https:\\\/\\\/blogs.acatlan.unam.mx\\\/saladeprensa\\\/2020\\\/08\\\/23\\\/la-violencia-contra-la-mujer-en-tiempos-de-la-pandemia-covid-19\\\/#primaryimage\"},\"thumbnailUrl\":\"https:\\\/\\\/i.imgur.com\\\/Oq71D9Ql.jpg\",\"articleSection\":[\"Boletines\"],\"inLanguage\":\"es\"},{\"@type\":\"WebPage\",\"@id\":\"https:\\\/\\\/blogs.acatlan.unam.mx\\\/saladeprensa\\\/2020\\\/08\\\/23\\\/la-violencia-contra-la-mujer-en-tiempos-de-la-pandemia-covid-19\\\/\",\"url\":\"https:\\\/\\\/blogs.acatlan.unam.mx\\\/saladeprensa\\\/2020\\\/08\\\/23\\\/la-violencia-contra-la-mujer-en-tiempos-de-la-pandemia-covid-19\\\/\",\"name\":\"La violencia contra la mujer en tiempos de la pandemia COVID-19 - NotiFES Digital\",\"isPartOf\":{\"@id\":\"https:\\\/\\\/blogs.acatlan.unam.mx\\\/saladeprensa\\\/#website\"},\"primaryImageOfPage\":{\"@id\":\"https:\\\/\\\/blogs.acatlan.unam.mx\\\/saladeprensa\\\/2020\\\/08\\\/23\\\/la-violencia-contra-la-mujer-en-tiempos-de-la-pandemia-covid-19\\\/#primaryimage\"},\"image\":{\"@id\":\"https:\\\/\\\/blogs.acatlan.unam.mx\\\/saladeprensa\\\/2020\\\/08\\\/23\\\/la-violencia-contra-la-mujer-en-tiempos-de-la-pandemia-covid-19\\\/#primaryimage\"},\"thumbnailUrl\":\"https:\\\/\\\/i.imgur.com\\\/Oq71D9Ql.jpg\",\"datePublished\":\"2020-08-23T17:28:29+00:00\",\"dateModified\":\"2020-08-23T18:01:38+00:00\",\"breadcrumb\":{\"@id\":\"https:\\\/\\\/blogs.acatlan.unam.mx\\\/saladeprensa\\\/2020\\\/08\\\/23\\\/la-violencia-contra-la-mujer-en-tiempos-de-la-pandemia-covid-19\\\/#breadcrumb\"},\"inLanguage\":\"es\",\"potentialAction\":[{\"@type\":\"ReadAction\",\"target\":[\"https:\\\/\\\/blogs.acatlan.unam.mx\\\/saladeprensa\\\/2020\\\/08\\\/23\\\/la-violencia-contra-la-mujer-en-tiempos-de-la-pandemia-covid-19\\\/\"]}]},{\"@type\":\"ImageObject\",\"inLanguage\":\"es\",\"@id\":\"https:\\\/\\\/blogs.acatlan.unam.mx\\\/saladeprensa\\\/2020\\\/08\\\/23\\\/la-violencia-contra-la-mujer-en-tiempos-de-la-pandemia-covid-19\\\/#primaryimage\",\"url\":\"https:\\\/\\\/i.imgur.com\\\/Oq71D9Ql.jpg\",\"contentUrl\":\"https:\\\/\\\/i.imgur.com\\\/Oq71D9Ql.jpg\"},{\"@type\":\"BreadcrumbList\",\"@id\":\"https:\\\/\\\/blogs.acatlan.unam.mx\\\/saladeprensa\\\/2020\\\/08\\\/23\\\/la-violencia-contra-la-mujer-en-tiempos-de-la-pandemia-covid-19\\\/#breadcrumb\",\"itemListElement\":[{\"@type\":\"ListItem\",\"position\":1,\"name\":\"Portada\",\"item\":\"https:\\\/\\\/blogs.acatlan.unam.mx\\\/saladeprensa\\\/\"},{\"@type\":\"ListItem\",\"position\":2,\"name\":\"La violencia contra la mujer en tiempos de la pandemia COVID-19\"}]},{\"@type\":\"WebSite\",\"@id\":\"https:\\\/\\\/blogs.acatlan.unam.mx\\\/saladeprensa\\\/#website\",\"url\":\"https:\\\/\\\/blogs.acatlan.unam.mx\\\/saladeprensa\\\/\",\"name\":\"NotiFES Digital\",\"description\":\"Sitio dedicado a la difusi\u00f3n de noticias de la FES Acatl\u00e1n\",\"publisher\":{\"@id\":\"https:\\\/\\\/blogs.acatlan.unam.mx\\\/saladeprensa\\\/#organization\"},\"potentialAction\":[{\"@type\":\"SearchAction\",\"target\":{\"@type\":\"EntryPoint\",\"urlTemplate\":\"https:\\\/\\\/blogs.acatlan.unam.mx\\\/saladeprensa\\\/?s={search_term_string}\"},\"query-input\":{\"@type\":\"PropertyValueSpecification\",\"valueRequired\":true,\"valueName\":\"search_term_string\"}}],\"inLanguage\":\"es\"},{\"@type\":\"Organization\",\"@id\":\"https:\\\/\\\/blogs.acatlan.unam.mx\\\/saladeprensa\\\/#organization\",\"name\":\"NotiFES Digital\",\"url\":\"https:\\\/\\\/blogs.acatlan.unam.mx\\\/saladeprensa\\\/\",\"logo\":{\"@type\":\"ImageObject\",\"inLanguage\":\"es\",\"@id\":\"https:\\\/\\\/blogs.acatlan.unam.mx\\\/saladeprensa\\\/#\\\/schema\\\/logo\\\/image\\\/\",\"url\":\"https:\\\/\\\/blogs.acatlan.unam.mx\\\/saladeprensa\\\/files\\\/2025\\\/01\\\/Logotipo-50-Aniversario-color.png\",\"contentUrl\":\"https:\\\/\\\/blogs.acatlan.unam.mx\\\/saladeprensa\\\/files\\\/2025\\\/01\\\/Logotipo-50-Aniversario-color.png\",\"width\":4500,\"height\":3397,\"caption\":\"NotiFES Digital\"},\"image\":{\"@id\":\"https:\\\/\\\/blogs.acatlan.unam.mx\\\/saladeprensa\\\/#\\\/schema\\\/logo\\\/image\\\/\"}},{\"@type\":\"Person\",\"@id\":\"https:\\\/\\\/blogs.acatlan.unam.mx\\\/saladeprensa\\\/#\\\/schema\\\/person\\\/89d21726fc33d9770774677815935a53\",\"name\":\"NotiFES Digital\",\"image\":{\"@type\":\"ImageObject\",\"inLanguage\":\"es\",\"@id\":\"https:\\\/\\\/secure.gravatar.com\\\/avatar\\\/6480d699d37abf2c2302dda8d8e2845fc451e65b0e3dfcfa130e3e30475b9dd3?s=96&d=mm&r=g\",\"url\":\"https:\\\/\\\/secure.gravatar.com\\\/avatar\\\/6480d699d37abf2c2302dda8d8e2845fc451e65b0e3dfcfa130e3e30475b9dd3?s=96&d=mm&r=g\",\"contentUrl\":\"https:\\\/\\\/secure.gravatar.com\\\/avatar\\\/6480d699d37abf2c2302dda8d8e2845fc451e65b0e3dfcfa130e3e30475b9dd3?s=96&d=mm&r=g\",\"caption\":\"NotiFES Digital\"},\"url\":\"https:\\\/\\\/blogs.acatlan.unam.mx\\\/saladeprensa\\\/author\\\/saladeprensa\\\/\"}]}<\/script>\n<!-- \/ Yoast SEO plugin. -->","yoast_head_json":{"title":"La violencia contra la mujer en tiempos de la pandemia COVID-19 - NotiFES Digital","robots":{"index":"index","follow":"follow","max-snippet":"max-snippet:-1","max-image-preview":"max-image-preview:large","max-video-preview":"max-video-preview:-1"},"canonical":"https:\/\/blogs.acatlan.unam.mx\/saladeprensa\/2020\/08\/23\/la-violencia-contra-la-mujer-en-tiempos-de-la-pandemia-covid-19\/","og_locale":"es_ES","og_type":"article","og_title":"La violencia contra la mujer en tiempos de la pandemia COVID-19 - NotiFES Digital","og_description":"Imagen: Transmisi\u00f3n El Universal \u2022 En foro virtual, cuatro especialistas analizaron la escalada de violencia familiar debido al confinamiento y la restricci\u00f3n de la movilidad producida por la pandemia \u2022 Cont\u00f3 con la participaci\u00f3n de Rosario Guerra D\u00edaz, catedr\u00e1tica de la FES Acatl\u00e1n La Fundaci\u00f3n Miguel Alem\u00e1n A.C. y el peri\u00f3dico El Universal transmitieron el [&hellip;]","og_url":"https:\/\/blogs.acatlan.unam.mx\/saladeprensa\/2020\/08\/23\/la-violencia-contra-la-mujer-en-tiempos-de-la-pandemia-covid-19\/","og_site_name":"NotiFES Digital","article_published_time":"2020-08-23T17:28:29+00:00","article_modified_time":"2020-08-23T18:01:38+00:00","og_image":[{"url":"https:\/\/i.imgur.com\/Oq71D9Ql.jpg","type":"","width":"","height":""}],"author":"NotiFES Digital","twitter_card":"summary_large_image","twitter_misc":{"Escrito por":"NotiFES Digital","Tiempo de lectura":"3 minutos"},"schema":{"@context":"https:\/\/schema.org","@graph":[{"@type":"Article","@id":"https:\/\/blogs.acatlan.unam.mx\/saladeprensa\/2020\/08\/23\/la-violencia-contra-la-mujer-en-tiempos-de-la-pandemia-covid-19\/#article","isPartOf":{"@id":"https:\/\/blogs.acatlan.unam.mx\/saladeprensa\/2020\/08\/23\/la-violencia-contra-la-mujer-en-tiempos-de-la-pandemia-covid-19\/"},"author":{"name":"NotiFES Digital","@id":"https:\/\/blogs.acatlan.unam.mx\/saladeprensa\/#\/schema\/person\/89d21726fc33d9770774677815935a53"},"headline":"La violencia contra la mujer en tiempos de la pandemia COVID-19","datePublished":"2020-08-23T17:28:29+00:00","dateModified":"2020-08-23T18:01:38+00:00","mainEntityOfPage":{"@id":"https:\/\/blogs.acatlan.unam.mx\/saladeprensa\/2020\/08\/23\/la-violencia-contra-la-mujer-en-tiempos-de-la-pandemia-covid-19\/"},"wordCount":636,"publisher":{"@id":"https:\/\/blogs.acatlan.unam.mx\/saladeprensa\/#organization"},"image":{"@id":"https:\/\/blogs.acatlan.unam.mx\/saladeprensa\/2020\/08\/23\/la-violencia-contra-la-mujer-en-tiempos-de-la-pandemia-covid-19\/#primaryimage"},"thumbnailUrl":"https:\/\/i.imgur.com\/Oq71D9Ql.jpg","articleSection":["Boletines"],"inLanguage":"es"},{"@type":"WebPage","@id":"https:\/\/blogs.acatlan.unam.mx\/saladeprensa\/2020\/08\/23\/la-violencia-contra-la-mujer-en-tiempos-de-la-pandemia-covid-19\/","url":"https:\/\/blogs.acatlan.unam.mx\/saladeprensa\/2020\/08\/23\/la-violencia-contra-la-mujer-en-tiempos-de-la-pandemia-covid-19\/","name":"La violencia contra la mujer en tiempos de la pandemia COVID-19 - NotiFES Digital","isPartOf":{"@id":"https:\/\/blogs.acatlan.unam.mx\/saladeprensa\/#website"},"primaryImageOfPage":{"@id":"https:\/\/blogs.acatlan.unam.mx\/saladeprensa\/2020\/08\/23\/la-violencia-contra-la-mujer-en-tiempos-de-la-pandemia-covid-19\/#primaryimage"},"image":{"@id":"https:\/\/blogs.acatlan.unam.mx\/saladeprensa\/2020\/08\/23\/la-violencia-contra-la-mujer-en-tiempos-de-la-pandemia-covid-19\/#primaryimage"},"thumbnailUrl":"https:\/\/i.imgur.com\/Oq71D9Ql.jpg","datePublished":"2020-08-23T17:28:29+00:00","dateModified":"2020-08-23T18:01:38+00:00","breadcrumb":{"@id":"https:\/\/blogs.acatlan.unam.mx\/saladeprensa\/2020\/08\/23\/la-violencia-contra-la-mujer-en-tiempos-de-la-pandemia-covid-19\/#breadcrumb"},"inLanguage":"es","potentialAction":[{"@type":"ReadAction","target":["https:\/\/blogs.acatlan.unam.mx\/saladeprensa\/2020\/08\/23\/la-violencia-contra-la-mujer-en-tiempos-de-la-pandemia-covid-19\/"]}]},{"@type":"ImageObject","inLanguage":"es","@id":"https:\/\/blogs.acatlan.unam.mx\/saladeprensa\/2020\/08\/23\/la-violencia-contra-la-mujer-en-tiempos-de-la-pandemia-covid-19\/#primaryimage","url":"https:\/\/i.imgur.com\/Oq71D9Ql.jpg","contentUrl":"https:\/\/i.imgur.com\/Oq71D9Ql.jpg"},{"@type":"BreadcrumbList","@id":"https:\/\/blogs.acatlan.unam.mx\/saladeprensa\/2020\/08\/23\/la-violencia-contra-la-mujer-en-tiempos-de-la-pandemia-covid-19\/#breadcrumb","itemListElement":[{"@type":"ListItem","position":1,"name":"Portada","item":"https:\/\/blogs.acatlan.unam.mx\/saladeprensa\/"},{"@type":"ListItem","position":2,"name":"La violencia contra la mujer en tiempos de la pandemia COVID-19"}]},{"@type":"WebSite","@id":"https:\/\/blogs.acatlan.unam.mx\/saladeprensa\/#website","url":"https:\/\/blogs.acatlan.unam.mx\/saladeprensa\/","name":"NotiFES Digital","description":"Sitio dedicado a la difusi\u00f3n de noticias de la FES Acatl\u00e1n","publisher":{"@id":"https:\/\/blogs.acatlan.unam.mx\/saladeprensa\/#organization"},"potentialAction":[{"@type":"SearchAction","target":{"@type":"EntryPoint","urlTemplate":"https:\/\/blogs.acatlan.unam.mx\/saladeprensa\/?s={search_term_string}"},"query-input":{"@type":"PropertyValueSpecification","valueRequired":true,"valueName":"search_term_string"}}],"inLanguage":"es"},{"@type":"Organization","@id":"https:\/\/blogs.acatlan.unam.mx\/saladeprensa\/#organization","name":"NotiFES Digital","url":"https:\/\/blogs.acatlan.unam.mx\/saladeprensa\/","logo":{"@type":"ImageObject","inLanguage":"es","@id":"https:\/\/blogs.acatlan.unam.mx\/saladeprensa\/#\/schema\/logo\/image\/","url":"https:\/\/blogs.acatlan.unam.mx\/saladeprensa\/files\/2025\/01\/Logotipo-50-Aniversario-color.png","contentUrl":"https:\/\/blogs.acatlan.unam.mx\/saladeprensa\/files\/2025\/01\/Logotipo-50-Aniversario-color.png","width":4500,"height":3397,"caption":"NotiFES Digital"},"image":{"@id":"https:\/\/blogs.acatlan.unam.mx\/saladeprensa\/#\/schema\/logo\/image\/"}},{"@type":"Person","@id":"https:\/\/blogs.acatlan.unam.mx\/saladeprensa\/#\/schema\/person\/89d21726fc33d9770774677815935a53","name":"NotiFES Digital","image":{"@type":"ImageObject","inLanguage":"es","@id":"https:\/\/secure.gravatar.com\/avatar\/6480d699d37abf2c2302dda8d8e2845fc451e65b0e3dfcfa130e3e30475b9dd3?s=96&d=mm&r=g","url":"https:\/\/secure.gravatar.com\/avatar\/6480d699d37abf2c2302dda8d8e2845fc451e65b0e3dfcfa130e3e30475b9dd3?s=96&d=mm&r=g","contentUrl":"https:\/\/secure.gravatar.com\/avatar\/6480d699d37abf2c2302dda8d8e2845fc451e65b0e3dfcfa130e3e30475b9dd3?s=96&d=mm&r=g","caption":"NotiFES Digital"},"url":"https:\/\/blogs.acatlan.unam.mx\/saladeprensa\/author\/saladeprensa\/"}]}},"_links":{"self":[{"href":"https:\/\/blogs.acatlan.unam.mx\/saladeprensa\/wp-json\/wp\/v2\/posts\/4160","targetHints":{"allow":["GET"]}}],"collection":[{"href":"https:\/\/blogs.acatlan.unam.mx\/saladeprensa\/wp-json\/wp\/v2\/posts"}],"about":[{"href":"https:\/\/blogs.acatlan.unam.mx\/saladeprensa\/wp-json\/wp\/v2\/types\/post"}],"author":[{"embeddable":true,"href":"https:\/\/blogs.acatlan.unam.mx\/saladeprensa\/wp-json\/wp\/v2\/users\/48"}],"replies":[{"embeddable":true,"href":"https:\/\/blogs.acatlan.unam.mx\/saladeprensa\/wp-json\/wp\/v2\/comments?post=4160"}],"version-history":[{"count":3,"href":"https:\/\/blogs.acatlan.unam.mx\/saladeprensa\/wp-json\/wp\/v2\/posts\/4160\/revisions"}],"predecessor-version":[{"id":4163,"href":"https:\/\/blogs.acatlan.unam.mx\/saladeprensa\/wp-json\/wp\/v2\/posts\/4160\/revisions\/4163"}],"wp:attachment":[{"href":"https:\/\/blogs.acatlan.unam.mx\/saladeprensa\/wp-json\/wp\/v2\/media?parent=4160"}],"wp:term":[{"taxonomy":"category","embeddable":true,"href":"https:\/\/blogs.acatlan.unam.mx\/saladeprensa\/wp-json\/wp\/v2\/categories?post=4160"},{"taxonomy":"post_tag","embeddable":true,"href":"https:\/\/blogs.acatlan.unam.mx\/saladeprensa\/wp-json\/wp\/v2\/tags?post=4160"}],"curies":[{"name":"wp","href":"https:\/\/api.w.org\/{rel}","templated":true}]}}