{"id":3741,"date":"2020-02-25T19:14:39","date_gmt":"2020-02-26T01:14:39","guid":{"rendered":"http:\/\/blogs.acatlan.unam.mx\/saladeprensa\/?p=3741"},"modified":"2020-02-25T19:14:39","modified_gmt":"2020-02-26T01:14:39","slug":"sobre-dioses-y-el-cosmos","status":"publish","type":"post","link":"https:\/\/blogs.acatlan.unam.mx\/saladeprensa\/2020\/02\/25\/sobre-dioses-y-el-cosmos\/","title":{"rendered":"Sobre Dioses y el cosmos"},"content":{"rendered":"<p><a href=\"https:\/\/imgur.com\/CrK5qTD\"><img decoding=\"async\" src=\"https:\/\/i.imgur.com\/CrK5qTDl.jpg\" title=\"source: imgur.com\" \/><\/a><br \/>\n<a href=\"https:\/\/imgur.com\/om0JrYq\"><img decoding=\"async\" src=\"https:\/\/i.imgur.com\/om0JrYql.jpg\" title=\"source: imgur.com\" \/><\/a><br \/>\n<a href=\"https:\/\/imgur.com\/c67BVus\"><img decoding=\"async\" src=\"https:\/\/i.imgur.com\/c67BVusl.jpg\" title=\"source: imgur.com\" \/><\/a><\/p>\n<p>El maestro Julio C\u00e9sar Mor\u00e1n \u00c1lvarez, catedr\u00e1tico de la FES Acatl\u00e1n present\u00f3 el libro que coordin\u00f3 De los Dioses y el cosmos, elementos fundamentales de la religi\u00f3n nahua, en el Sal\u00f3n Manuel Tols\u00e1 del Palacio de Miner\u00eda.<br \/>\n<!--more--><\/p>\n<p>La obra est\u00e1 dividida en 10 cap\u00edtulos, en ella participan otros cinco investigadores del campus con el apoyo de cinco estudiantes del Seminario \u201cCr\u00f3nicas y fuentes de origen ind\u00edgena del siglo XVI novohispano\u201d, que lleva 10 a\u00f1os de impartirse en el campus.<\/p>\n<p>Mor\u00e1n \u00c1lvarez se\u00f1al\u00f3 que el libro, publicado en 2019, es el segundo tomo, e inform\u00f3 que con la obra busca comprender las reflexiones ind\u00edgenas que construyeron toda una visi\u00f3n global y estructurada de su sociedad a trav\u00e9s de los lentes de su cosmovisi\u00f3n y religiosidad.<\/p>\n<p>Por su parte, el doctor Manuel Hermann Lejarazu, del Centro de Investigaci\u00f3n y Estudios Superiores en Antropolog\u00eda Social, coment\u00f3 la publicaci\u00f3n y asegur\u00f3 que los lectores se interesar\u00e1n por los temas abordados. Adem\u00e1s, destac\u00f3 las im\u00e1genes y que, a su parecer, cuatro temas prevalecen en la obra: dioses, magia, mitos y ritualidad. <\/p>\n","protected":false},"excerpt":{"rendered":"<p>El maestro Julio C\u00e9sar Mor\u00e1n \u00c1lvarez, catedr\u00e1tico de la FES Acatl\u00e1n present\u00f3 el libro que coordin\u00f3 De los Dioses y el cosmos, elementos fundamentales de la religi\u00f3n nahua, en el Sal\u00f3n Manuel Tols\u00e1 del Palacio de Miner\u00eda.<\/p>\n","protected":false},"author":48,"featured_media":0,"comment_status":"closed","ping_status":"closed","sticky":false,"template":"","format":"standard","meta":{"_exactmetrics_skip_tracking":false,"fifu_image_url":"","fifu_image_alt":"","footnotes":""},"categories":[2],"tags":[],"class_list":["post-3741","post","type-post","status-publish","format-standard","hentry","category-boletines"],"yoast_head":"<!-- This site is optimized with the Yoast SEO plugin v28.1 - https:\/\/yoast.com\/product\/yoast-seo-wordpress\/ -->\n<title>Sobre Dioses y el cosmos - NotiFES Digital<\/title>\n<meta name=\"robots\" content=\"index, follow, max-snippet:-1, max-image-preview:large, max-video-preview:-1\" \/>\n<link rel=\"canonical\" href=\"https:\/\/blogs.acatlan.unam.mx\/saladeprensa\/2020\/02\/25\/sobre-dioses-y-el-cosmos\/\" \/>\n<meta property=\"og:locale\" content=\"es_ES\" \/>\n<meta property=\"og:type\" content=\"article\" \/>\n<meta property=\"og:title\" content=\"Sobre Dioses y el cosmos - NotiFES Digital\" \/>\n<meta property=\"og:description\" content=\"El maestro Julio C\u00e9sar Mor\u00e1n \u00c1lvarez, catedr\u00e1tico de la FES Acatl\u00e1n present\u00f3 el libro que coordin\u00f3 De los Dioses y el cosmos, elementos fundamentales de la religi\u00f3n nahua, en el Sal\u00f3n Manuel Tols\u00e1 del Palacio de Miner\u00eda.\" \/>\n<meta property=\"og:url\" content=\"https:\/\/blogs.acatlan.unam.mx\/saladeprensa\/2020\/02\/25\/sobre-dioses-y-el-cosmos\/\" \/>\n<meta property=\"og:site_name\" content=\"NotiFES Digital\" \/>\n<meta property=\"article:published_time\" content=\"2020-02-26T01:14:39+00:00\" \/>\n<meta property=\"og:image\" content=\"https:\/\/i.imgur.com\/CrK5qTDl.jpg\" \/>\n<meta name=\"author\" content=\"NotiFES Digital\" \/>\n<meta name=\"twitter:card\" content=\"summary_large_image\" \/>\n<meta name=\"twitter:label1\" content=\"Escrito por\" \/>\n\t<meta name=\"twitter:data1\" content=\"NotiFES Digital\" \/>\n\t<meta name=\"twitter:label2\" content=\"Tiempo de lectura\" \/>\n\t<meta name=\"twitter:data2\" content=\"1 minuto\" \/>\n<script type=\"application\/ld+json\" class=\"yoast-schema-graph\">{\"@context\":\"https:\\\/\\\/schema.org\",\"@graph\":[{\"@type\":\"Article\",\"@id\":\"https:\\\/\\\/blogs.acatlan.unam.mx\\\/saladeprensa\\\/2020\\\/02\\\/25\\\/sobre-dioses-y-el-cosmos\\\/#article\",\"isPartOf\":{\"@id\":\"https:\\\/\\\/blogs.acatlan.unam.mx\\\/saladeprensa\\\/2020\\\/02\\\/25\\\/sobre-dioses-y-el-cosmos\\\/\"},\"author\":{\"name\":\"NotiFES Digital\",\"@id\":\"https:\\\/\\\/blogs.acatlan.unam.mx\\\/saladeprensa\\\/#\\\/schema\\\/person\\\/89d21726fc33d9770774677815935a53\"},\"headline\":\"Sobre Dioses y el cosmos\",\"datePublished\":\"2020-02-26T01:14:39+00:00\",\"mainEntityOfPage\":{\"@id\":\"https:\\\/\\\/blogs.acatlan.unam.mx\\\/saladeprensa\\\/2020\\\/02\\\/25\\\/sobre-dioses-y-el-cosmos\\\/\"},\"wordCount\":201,\"publisher\":{\"@id\":\"https:\\\/\\\/blogs.acatlan.unam.mx\\\/saladeprensa\\\/#organization\"},\"image\":{\"@id\":\"https:\\\/\\\/blogs.acatlan.unam.mx\\\/saladeprensa\\\/2020\\\/02\\\/25\\\/sobre-dioses-y-el-cosmos\\\/#primaryimage\"},\"thumbnailUrl\":\"https:\\\/\\\/i.imgur.com\\\/CrK5qTDl.jpg\",\"articleSection\":[\"Boletines\"],\"inLanguage\":\"es\"},{\"@type\":\"WebPage\",\"@id\":\"https:\\\/\\\/blogs.acatlan.unam.mx\\\/saladeprensa\\\/2020\\\/02\\\/25\\\/sobre-dioses-y-el-cosmos\\\/\",\"url\":\"https:\\\/\\\/blogs.acatlan.unam.mx\\\/saladeprensa\\\/2020\\\/02\\\/25\\\/sobre-dioses-y-el-cosmos\\\/\",\"name\":\"Sobre Dioses y el cosmos - NotiFES Digital\",\"isPartOf\":{\"@id\":\"https:\\\/\\\/blogs.acatlan.unam.mx\\\/saladeprensa\\\/#website\"},\"primaryImageOfPage\":{\"@id\":\"https:\\\/\\\/blogs.acatlan.unam.mx\\\/saladeprensa\\\/2020\\\/02\\\/25\\\/sobre-dioses-y-el-cosmos\\\/#primaryimage\"},\"image\":{\"@id\":\"https:\\\/\\\/blogs.acatlan.unam.mx\\\/saladeprensa\\\/2020\\\/02\\\/25\\\/sobre-dioses-y-el-cosmos\\\/#primaryimage\"},\"thumbnailUrl\":\"https:\\\/\\\/i.imgur.com\\\/CrK5qTDl.jpg\",\"datePublished\":\"2020-02-26T01:14:39+00:00\",\"breadcrumb\":{\"@id\":\"https:\\\/\\\/blogs.acatlan.unam.mx\\\/saladeprensa\\\/2020\\\/02\\\/25\\\/sobre-dioses-y-el-cosmos\\\/#breadcrumb\"},\"inLanguage\":\"es\",\"potentialAction\":[{\"@type\":\"ReadAction\",\"target\":[\"https:\\\/\\\/blogs.acatlan.unam.mx\\\/saladeprensa\\\/2020\\\/02\\\/25\\\/sobre-dioses-y-el-cosmos\\\/\"]}]},{\"@type\":\"ImageObject\",\"inLanguage\":\"es\",\"@id\":\"https:\\\/\\\/blogs.acatlan.unam.mx\\\/saladeprensa\\\/2020\\\/02\\\/25\\\/sobre-dioses-y-el-cosmos\\\/#primaryimage\",\"url\":\"https:\\\/\\\/i.imgur.com\\\/CrK5qTDl.jpg\",\"contentUrl\":\"https:\\\/\\\/i.imgur.com\\\/CrK5qTDl.jpg\"},{\"@type\":\"BreadcrumbList\",\"@id\":\"https:\\\/\\\/blogs.acatlan.unam.mx\\\/saladeprensa\\\/2020\\\/02\\\/25\\\/sobre-dioses-y-el-cosmos\\\/#breadcrumb\",\"itemListElement\":[{\"@type\":\"ListItem\",\"position\":1,\"name\":\"Portada\",\"item\":\"https:\\\/\\\/blogs.acatlan.unam.mx\\\/saladeprensa\\\/\"},{\"@type\":\"ListItem\",\"position\":2,\"name\":\"Sobre Dioses y el cosmos\"}]},{\"@type\":\"WebSite\",\"@id\":\"https:\\\/\\\/blogs.acatlan.unam.mx\\\/saladeprensa\\\/#website\",\"url\":\"https:\\\/\\\/blogs.acatlan.unam.mx\\\/saladeprensa\\\/\",\"name\":\"NotiFES Digital\",\"description\":\"Sitio dedicado a la difusi\u00f3n de noticias de la FES Acatl\u00e1n\",\"publisher\":{\"@id\":\"https:\\\/\\\/blogs.acatlan.unam.mx\\\/saladeprensa\\\/#organization\"},\"potentialAction\":[{\"@type\":\"SearchAction\",\"target\":{\"@type\":\"EntryPoint\",\"urlTemplate\":\"https:\\\/\\\/blogs.acatlan.unam.mx\\\/saladeprensa\\\/?s={search_term_string}\"},\"query-input\":{\"@type\":\"PropertyValueSpecification\",\"valueRequired\":true,\"valueName\":\"search_term_string\"}}],\"inLanguage\":\"es\"},{\"@type\":\"Organization\",\"@id\":\"https:\\\/\\\/blogs.acatlan.unam.mx\\\/saladeprensa\\\/#organization\",\"name\":\"NotiFES Digital\",\"url\":\"https:\\\/\\\/blogs.acatlan.unam.mx\\\/saladeprensa\\\/\",\"logo\":{\"@type\":\"ImageObject\",\"inLanguage\":\"es\",\"@id\":\"https:\\\/\\\/blogs.acatlan.unam.mx\\\/saladeprensa\\\/#\\\/schema\\\/logo\\\/image\\\/\",\"url\":\"https:\\\/\\\/blogs.acatlan.unam.mx\\\/saladeprensa\\\/files\\\/2025\\\/01\\\/Logotipo-50-Aniversario-color.png\",\"contentUrl\":\"https:\\\/\\\/blogs.acatlan.unam.mx\\\/saladeprensa\\\/files\\\/2025\\\/01\\\/Logotipo-50-Aniversario-color.png\",\"width\":4500,\"height\":3397,\"caption\":\"NotiFES Digital\"},\"image\":{\"@id\":\"https:\\\/\\\/blogs.acatlan.unam.mx\\\/saladeprensa\\\/#\\\/schema\\\/logo\\\/image\\\/\"}},{\"@type\":\"Person\",\"@id\":\"https:\\\/\\\/blogs.acatlan.unam.mx\\\/saladeprensa\\\/#\\\/schema\\\/person\\\/89d21726fc33d9770774677815935a53\",\"name\":\"NotiFES Digital\",\"image\":{\"@type\":\"ImageObject\",\"inLanguage\":\"es\",\"@id\":\"https:\\\/\\\/secure.gravatar.com\\\/avatar\\\/6480d699d37abf2c2302dda8d8e2845fc451e65b0e3dfcfa130e3e30475b9dd3?s=96&d=mm&r=g\",\"url\":\"https:\\\/\\\/secure.gravatar.com\\\/avatar\\\/6480d699d37abf2c2302dda8d8e2845fc451e65b0e3dfcfa130e3e30475b9dd3?s=96&d=mm&r=g\",\"contentUrl\":\"https:\\\/\\\/secure.gravatar.com\\\/avatar\\\/6480d699d37abf2c2302dda8d8e2845fc451e65b0e3dfcfa130e3e30475b9dd3?s=96&d=mm&r=g\",\"caption\":\"NotiFES Digital\"},\"url\":\"https:\\\/\\\/blogs.acatlan.unam.mx\\\/saladeprensa\\\/author\\\/saladeprensa\\\/\"}]}<\/script>\n<!-- \/ Yoast SEO plugin. -->","yoast_head_json":{"title":"Sobre Dioses y el cosmos - NotiFES Digital","robots":{"index":"index","follow":"follow","max-snippet":"max-snippet:-1","max-image-preview":"max-image-preview:large","max-video-preview":"max-video-preview:-1"},"canonical":"https:\/\/blogs.acatlan.unam.mx\/saladeprensa\/2020\/02\/25\/sobre-dioses-y-el-cosmos\/","og_locale":"es_ES","og_type":"article","og_title":"Sobre Dioses y el cosmos - NotiFES Digital","og_description":"El maestro Julio C\u00e9sar Mor\u00e1n \u00c1lvarez, catedr\u00e1tico de la FES Acatl\u00e1n present\u00f3 el libro que coordin\u00f3 De los Dioses y el cosmos, elementos fundamentales de la religi\u00f3n nahua, en el Sal\u00f3n Manuel Tols\u00e1 del Palacio de Miner\u00eda.","og_url":"https:\/\/blogs.acatlan.unam.mx\/saladeprensa\/2020\/02\/25\/sobre-dioses-y-el-cosmos\/","og_site_name":"NotiFES Digital","article_published_time":"2020-02-26T01:14:39+00:00","og_image":[{"url":"https:\/\/i.imgur.com\/CrK5qTDl.jpg","type":"","width":"","height":""}],"author":"NotiFES Digital","twitter_card":"summary_large_image","twitter_misc":{"Escrito por":"NotiFES Digital","Tiempo de lectura":"1 minuto"},"schema":{"@context":"https:\/\/schema.org","@graph":[{"@type":"Article","@id":"https:\/\/blogs.acatlan.unam.mx\/saladeprensa\/2020\/02\/25\/sobre-dioses-y-el-cosmos\/#article","isPartOf":{"@id":"https:\/\/blogs.acatlan.unam.mx\/saladeprensa\/2020\/02\/25\/sobre-dioses-y-el-cosmos\/"},"author":{"name":"NotiFES Digital","@id":"https:\/\/blogs.acatlan.unam.mx\/saladeprensa\/#\/schema\/person\/89d21726fc33d9770774677815935a53"},"headline":"Sobre Dioses y el cosmos","datePublished":"2020-02-26T01:14:39+00:00","mainEntityOfPage":{"@id":"https:\/\/blogs.acatlan.unam.mx\/saladeprensa\/2020\/02\/25\/sobre-dioses-y-el-cosmos\/"},"wordCount":201,"publisher":{"@id":"https:\/\/blogs.acatlan.unam.mx\/saladeprensa\/#organization"},"image":{"@id":"https:\/\/blogs.acatlan.unam.mx\/saladeprensa\/2020\/02\/25\/sobre-dioses-y-el-cosmos\/#primaryimage"},"thumbnailUrl":"https:\/\/i.imgur.com\/CrK5qTDl.jpg","articleSection":["Boletines"],"inLanguage":"es"},{"@type":"WebPage","@id":"https:\/\/blogs.acatlan.unam.mx\/saladeprensa\/2020\/02\/25\/sobre-dioses-y-el-cosmos\/","url":"https:\/\/blogs.acatlan.unam.mx\/saladeprensa\/2020\/02\/25\/sobre-dioses-y-el-cosmos\/","name":"Sobre Dioses y el cosmos - NotiFES Digital","isPartOf":{"@id":"https:\/\/blogs.acatlan.unam.mx\/saladeprensa\/#website"},"primaryImageOfPage":{"@id":"https:\/\/blogs.acatlan.unam.mx\/saladeprensa\/2020\/02\/25\/sobre-dioses-y-el-cosmos\/#primaryimage"},"image":{"@id":"https:\/\/blogs.acatlan.unam.mx\/saladeprensa\/2020\/02\/25\/sobre-dioses-y-el-cosmos\/#primaryimage"},"thumbnailUrl":"https:\/\/i.imgur.com\/CrK5qTDl.jpg","datePublished":"2020-02-26T01:14:39+00:00","breadcrumb":{"@id":"https:\/\/blogs.acatlan.unam.mx\/saladeprensa\/2020\/02\/25\/sobre-dioses-y-el-cosmos\/#breadcrumb"},"inLanguage":"es","potentialAction":[{"@type":"ReadAction","target":["https:\/\/blogs.acatlan.unam.mx\/saladeprensa\/2020\/02\/25\/sobre-dioses-y-el-cosmos\/"]}]},{"@type":"ImageObject","inLanguage":"es","@id":"https:\/\/blogs.acatlan.unam.mx\/saladeprensa\/2020\/02\/25\/sobre-dioses-y-el-cosmos\/#primaryimage","url":"https:\/\/i.imgur.com\/CrK5qTDl.jpg","contentUrl":"https:\/\/i.imgur.com\/CrK5qTDl.jpg"},{"@type":"BreadcrumbList","@id":"https:\/\/blogs.acatlan.unam.mx\/saladeprensa\/2020\/02\/25\/sobre-dioses-y-el-cosmos\/#breadcrumb","itemListElement":[{"@type":"ListItem","position":1,"name":"Portada","item":"https:\/\/blogs.acatlan.unam.mx\/saladeprensa\/"},{"@type":"ListItem","position":2,"name":"Sobre Dioses y el cosmos"}]},{"@type":"WebSite","@id":"https:\/\/blogs.acatlan.unam.mx\/saladeprensa\/#website","url":"https:\/\/blogs.acatlan.unam.mx\/saladeprensa\/","name":"NotiFES Digital","description":"Sitio dedicado a la difusi\u00f3n de noticias de la FES Acatl\u00e1n","publisher":{"@id":"https:\/\/blogs.acatlan.unam.mx\/saladeprensa\/#organization"},"potentialAction":[{"@type":"SearchAction","target":{"@type":"EntryPoint","urlTemplate":"https:\/\/blogs.acatlan.unam.mx\/saladeprensa\/?s={search_term_string}"},"query-input":{"@type":"PropertyValueSpecification","valueRequired":true,"valueName":"search_term_string"}}],"inLanguage":"es"},{"@type":"Organization","@id":"https:\/\/blogs.acatlan.unam.mx\/saladeprensa\/#organization","name":"NotiFES Digital","url":"https:\/\/blogs.acatlan.unam.mx\/saladeprensa\/","logo":{"@type":"ImageObject","inLanguage":"es","@id":"https:\/\/blogs.acatlan.unam.mx\/saladeprensa\/#\/schema\/logo\/image\/","url":"https:\/\/blogs.acatlan.unam.mx\/saladeprensa\/files\/2025\/01\/Logotipo-50-Aniversario-color.png","contentUrl":"https:\/\/blogs.acatlan.unam.mx\/saladeprensa\/files\/2025\/01\/Logotipo-50-Aniversario-color.png","width":4500,"height":3397,"caption":"NotiFES Digital"},"image":{"@id":"https:\/\/blogs.acatlan.unam.mx\/saladeprensa\/#\/schema\/logo\/image\/"}},{"@type":"Person","@id":"https:\/\/blogs.acatlan.unam.mx\/saladeprensa\/#\/schema\/person\/89d21726fc33d9770774677815935a53","name":"NotiFES Digital","image":{"@type":"ImageObject","inLanguage":"es","@id":"https:\/\/secure.gravatar.com\/avatar\/6480d699d37abf2c2302dda8d8e2845fc451e65b0e3dfcfa130e3e30475b9dd3?s=96&d=mm&r=g","url":"https:\/\/secure.gravatar.com\/avatar\/6480d699d37abf2c2302dda8d8e2845fc451e65b0e3dfcfa130e3e30475b9dd3?s=96&d=mm&r=g","contentUrl":"https:\/\/secure.gravatar.com\/avatar\/6480d699d37abf2c2302dda8d8e2845fc451e65b0e3dfcfa130e3e30475b9dd3?s=96&d=mm&r=g","caption":"NotiFES Digital"},"url":"https:\/\/blogs.acatlan.unam.mx\/saladeprensa\/author\/saladeprensa\/"}]}},"_links":{"self":[{"href":"https:\/\/blogs.acatlan.unam.mx\/saladeprensa\/wp-json\/wp\/v2\/posts\/3741","targetHints":{"allow":["GET"]}}],"collection":[{"href":"https:\/\/blogs.acatlan.unam.mx\/saladeprensa\/wp-json\/wp\/v2\/posts"}],"about":[{"href":"https:\/\/blogs.acatlan.unam.mx\/saladeprensa\/wp-json\/wp\/v2\/types\/post"}],"author":[{"embeddable":true,"href":"https:\/\/blogs.acatlan.unam.mx\/saladeprensa\/wp-json\/wp\/v2\/users\/48"}],"replies":[{"embeddable":true,"href":"https:\/\/blogs.acatlan.unam.mx\/saladeprensa\/wp-json\/wp\/v2\/comments?post=3741"}],"version-history":[{"count":1,"href":"https:\/\/blogs.acatlan.unam.mx\/saladeprensa\/wp-json\/wp\/v2\/posts\/3741\/revisions"}],"predecessor-version":[{"id":3742,"href":"https:\/\/blogs.acatlan.unam.mx\/saladeprensa\/wp-json\/wp\/v2\/posts\/3741\/revisions\/3742"}],"wp:attachment":[{"href":"https:\/\/blogs.acatlan.unam.mx\/saladeprensa\/wp-json\/wp\/v2\/media?parent=3741"}],"wp:term":[{"taxonomy":"category","embeddable":true,"href":"https:\/\/blogs.acatlan.unam.mx\/saladeprensa\/wp-json\/wp\/v2\/categories?post=3741"},{"taxonomy":"post_tag","embeddable":true,"href":"https:\/\/blogs.acatlan.unam.mx\/saladeprensa\/wp-json\/wp\/v2\/tags?post=3741"}],"curies":[{"name":"wp","href":"https:\/\/api.w.org\/{rel}","templated":true}]}}