{"id":3232,"date":"2019-09-19T23:23:47","date_gmt":"2019-09-19T23:23:47","guid":{"rendered":"http:\/\/blogs.acatlan.unam.mx\/saladeprensa\/?p=3232"},"modified":"2019-09-19T23:56:32","modified_gmt":"2019-09-19T23:56:32","slug":"gran-participacion-de-la-comunidad-universitaria-en-el-macrosimulacro-en-la-fes-acatlan-%e2%80%a2tomaron-parte-estudiantes-academicos-funcionarios-y-trabajadores-de-los-turnos-matutino-y-vespertin","status":"publish","type":"post","link":"https:\/\/blogs.acatlan.unam.mx\/saladeprensa\/2019\/09\/19\/gran-participacion-de-la-comunidad-universitaria-en-el-macrosimulacro-en-la-fes-acatlan-%e2%80%a2tomaron-parte-estudiantes-academicos-funcionarios-y-trabajadores-de-los-turnos-matutino-y-vespertin\/","title":{"rendered":"Gran participaci\u00f3n de la comunidad universitaria en el macrosimulacro en la FES Acatl\u00e1n  \u2022\tTomaron parte estudiantes, acad\u00e9micos, funcionarios y trabajadores de los turnos matutino y vespertino"},"content":{"rendered":"<p><a href=\"https:\/\/imgur.com\/8Xmh3kB\"><img decoding=\"async\" src=\"https:\/\/i.imgur.com\/8Xmh3kBl.jpg\" title=\"source: imgur.com\" \/><\/a><br \/>\n<a href=\"https:\/\/imgur.com\/jGYQN72\"><img decoding=\"async\" src=\"https:\/\/i.imgur.com\/jGYQN72l.jpg\" title=\"source: imgur.com\" \/><\/a><br \/>\n<a href=\"https:\/\/imgur.com\/Xumvy5q\"><img decoding=\"async\" src=\"https:\/\/i.imgur.com\/Xumvy5ql.jpg\" title=\"source: imgur.com\" \/><\/a><br \/>\n<a href=\"https:\/\/imgur.com\/e4TfhU2\"><img decoding=\"async\" src=\"https:\/\/i.imgur.com\/e4TfhU2l.jpg\" title=\"source: imgur.com\" \/><\/a><br \/>\n<a href=\"https:\/\/imgur.com\/Ddc1bqB\"><img decoding=\"async\" src=\"https:\/\/i.imgur.com\/Ddc1bqBl.jpg\" title=\"source: imgur.com\" \/><\/a><br \/>\n<a href=\"https:\/\/imgur.com\/chKpJ6H\"><img decoding=\"async\" src=\"https:\/\/i.imgur.com\/chKpJ6Hl.jpg\" title=\"source: imgur.com\" \/><\/a><\/p>\n<p>En punto de las 10:00 horas en el turno matutino y a las 17:30 en el vespertino, miles de alumnos, catedr\u00e1ticos, trabajadores y autoridades participaron en el macrosimulacro: despu\u00e9s de la alarma s\u00edsmica, desalojaron en orden salones de clases, oficinas, talleres y laboratorios para concentrarse en los 27 puntos de reuni\u00f3n con que cuenta la Facultad de Estudios Superiores Acatl\u00e1n.<br \/>\n<!--more--><\/p>\n<p>Una vez que se activ\u00f3 la alerta s\u00edmica, las personas fueron ocupando en orden los puntos de reuni\u00f3n, c\u00edrculos en verde con vivos en blanco, las personas en orden fueron ocupando los lugares con las indicaciones del personal capacitado en todas las \u00e1reas del campus, cumpliendo con el protocolo de Protecci\u00f3n Civil de la Universidad Nacional Aut\u00f3noma de M\u00e9xico. <\/p>\n<p>J\u00f3venes con sus mochilas se reunieron en los sitios indicados en la explanada donde convergen Arquitectura, MAC y las ingenier\u00edas; frente al Centro de Informaci\u00f3n y Documentaci\u00f3n, en los talleres de Comunicaci\u00f3n y Dise\u00f1o. <\/p>\n<p>Lo propio hicieron trabajadores y funcionarios del edificio de Gobierno, investigadores y alumnos en las cercan\u00edas del Auditorio I Gerardo de Lizarriturri y Olag\u00fce, II Miguel de la Torre, del Centro de Estudios Municipales y Metropolitanos y del \u00e1rea deportiva. Cabe se\u00f1alar que en el ejercicio matutino fueron evacuadas siete mil 510 personas con la participaci\u00f3n de 111 brigadistas. <\/p>\n<p>Los simulacros recuerdan que M\u00e9xico es s\u00edsmicamente activo y permiten practicar las recomendaciones en materia de protecci\u00f3n civil sobre qu\u00e9 hacer antes, durante y despu\u00e9s de un sismo. <\/p>\n<p>En ambos ensayos la alarma s\u00edsmica marc\u00f3 el momento de evacuar los edificios, mientras el personal que portaba los chalecos anaranjados se apoyaba en meg\u00e1fonos y silbatos para que las personas siguieran sus indicaciones. As\u00ed se cumpli\u00f3 con las din\u00e1micas que conmemoraron el 19 de septiembre de 1985 y el de dos a\u00f1os atr\u00e1s, por los sismos que afectaron a la capital del pa\u00eds y otras entidades. <\/p>\n","protected":false},"excerpt":{"rendered":"<p>En punto de las 10:00 horas en el turno matutino y a las 17:30 en el vespertino, miles de alumnos, catedr\u00e1ticos, trabajadores y autoridades participaron en el macrosimulacro: despu\u00e9s de la alarma s\u00edsmica, desalojaron en orden salones de clases, oficinas, talleres y laboratorios para concentrarse en los 27 puntos de reuni\u00f3n con que cuenta la [&hellip;]<\/p>\n","protected":false},"author":48,"featured_media":0,"comment_status":"closed","ping_status":"closed","sticky":false,"template":"","format":"standard","meta":{"_exactmetrics_skip_tracking":false,"fifu_image_url":"","fifu_image_alt":"","footnotes":""},"categories":[2],"tags":[],"class_list":["post-3232","post","type-post","status-publish","format-standard","hentry","category-boletines"],"yoast_head":"<!-- This site is optimized with the Yoast SEO plugin v28.1 - https:\/\/yoast.com\/product\/yoast-seo-wordpress\/ -->\n<title>Gran participaci\u00f3n de la comunidad universitaria en el macrosimulacro en la FES Acatl\u00e1n \u2022 Tomaron parte estudiantes, acad\u00e9micos, funcionarios y trabajadores de los turnos matutino y vespertino - NotiFES Digital<\/title>\n<meta name=\"robots\" content=\"index, follow, max-snippet:-1, max-image-preview:large, max-video-preview:-1\" \/>\n<link rel=\"canonical\" href=\"https:\/\/blogs.acatlan.unam.mx\/saladeprensa\/2019\/09\/19\/gran-participacion-de-la-comunidad-universitaria-en-el-macrosimulacro-en-la-fes-acatlan-\u2022tomaron-parte-estudiantes-academicos-funcionarios-y-trabajadores-de-los-turnos-matutino-y-vespertin\/\" \/>\n<meta property=\"og:locale\" content=\"es_ES\" \/>\n<meta property=\"og:type\" content=\"article\" \/>\n<meta property=\"og:title\" content=\"Gran participaci\u00f3n de la comunidad universitaria en el macrosimulacro en la FES Acatl\u00e1n \u2022 Tomaron parte estudiantes, acad\u00e9micos, funcionarios y trabajadores de los turnos matutino y vespertino - NotiFES Digital\" \/>\n<meta property=\"og:description\" content=\"En punto de las 10:00 horas en el turno matutino y a las 17:30 en el vespertino, miles de alumnos, catedr\u00e1ticos, trabajadores y autoridades participaron en el macrosimulacro: despu\u00e9s de la alarma s\u00edsmica, desalojaron en orden salones de clases, oficinas, talleres y laboratorios para concentrarse en los 27 puntos de reuni\u00f3n con que cuenta la [&hellip;]\" \/>\n<meta property=\"og:url\" content=\"https:\/\/blogs.acatlan.unam.mx\/saladeprensa\/2019\/09\/19\/gran-participacion-de-la-comunidad-universitaria-en-el-macrosimulacro-en-la-fes-acatlan-\u2022tomaron-parte-estudiantes-academicos-funcionarios-y-trabajadores-de-los-turnos-matutino-y-vespertin\/\" \/>\n<meta property=\"og:site_name\" content=\"NotiFES Digital\" \/>\n<meta property=\"article:published_time\" content=\"2019-09-19T23:23:47+00:00\" \/>\n<meta property=\"article:modified_time\" content=\"2019-09-19T23:56:32+00:00\" \/>\n<meta property=\"og:image\" content=\"https:\/\/i.imgur.com\/8Xmh3kBl.jpg\" \/>\n<meta name=\"author\" content=\"NotiFES Digital\" \/>\n<meta name=\"twitter:card\" content=\"summary_large_image\" \/>\n<meta name=\"twitter:label1\" content=\"Escrito por\" \/>\n\t<meta name=\"twitter:data1\" content=\"NotiFES Digital\" \/>\n\t<meta name=\"twitter:label2\" content=\"Tiempo de lectura\" \/>\n\t<meta name=\"twitter:data2\" content=\"2 minutos\" \/>\n<script type=\"application\/ld+json\" class=\"yoast-schema-graph\">{\"@context\":\"https:\\\/\\\/schema.org\",\"@graph\":[{\"@type\":\"Article\",\"@id\":\"https:\\\/\\\/blogs.acatlan.unam.mx\\\/saladeprensa\\\/2019\\\/09\\\/19\\\/gran-participacion-de-la-comunidad-universitaria-en-el-macrosimulacro-en-la-fes-acatlan-%e2%80%a2tomaron-parte-estudiantes-academicos-funcionarios-y-trabajadores-de-los-turnos-matutino-y-vespertin\\\/#article\",\"isPartOf\":{\"@id\":\"https:\\\/\\\/blogs.acatlan.unam.mx\\\/saladeprensa\\\/2019\\\/09\\\/19\\\/gran-participacion-de-la-comunidad-universitaria-en-el-macrosimulacro-en-la-fes-acatlan-%e2%80%a2tomaron-parte-estudiantes-academicos-funcionarios-y-trabajadores-de-los-turnos-matutino-y-vespertin\\\/\"},\"author\":{\"name\":\"NotiFES Digital\",\"@id\":\"https:\\\/\\\/blogs.acatlan.unam.mx\\\/saladeprensa\\\/#\\\/schema\\\/person\\\/89d21726fc33d9770774677815935a53\"},\"headline\":\"Gran participaci\u00f3n de la comunidad universitaria en el macrosimulacro en la FES Acatl\u00e1n \u2022 Tomaron parte estudiantes, acad\u00e9micos, funcionarios y trabajadores de los turnos matutino y vespertino\",\"datePublished\":\"2019-09-19T23:23:47+00:00\",\"dateModified\":\"2019-09-19T23:56:32+00:00\",\"mainEntityOfPage\":{\"@id\":\"https:\\\/\\\/blogs.acatlan.unam.mx\\\/saladeprensa\\\/2019\\\/09\\\/19\\\/gran-participacion-de-la-comunidad-universitaria-en-el-macrosimulacro-en-la-fes-acatlan-%e2%80%a2tomaron-parte-estudiantes-academicos-funcionarios-y-trabajadores-de-los-turnos-matutino-y-vespertin\\\/\"},\"wordCount\":360,\"publisher\":{\"@id\":\"https:\\\/\\\/blogs.acatlan.unam.mx\\\/saladeprensa\\\/#organization\"},\"image\":{\"@id\":\"https:\\\/\\\/blogs.acatlan.unam.mx\\\/saladeprensa\\\/2019\\\/09\\\/19\\\/gran-participacion-de-la-comunidad-universitaria-en-el-macrosimulacro-en-la-fes-acatlan-%e2%80%a2tomaron-parte-estudiantes-academicos-funcionarios-y-trabajadores-de-los-turnos-matutino-y-vespertin\\\/#primaryimage\"},\"thumbnailUrl\":\"https:\\\/\\\/i.imgur.com\\\/8Xmh3kBl.jpg\",\"articleSection\":[\"Boletines\"],\"inLanguage\":\"es\"},{\"@type\":\"WebPage\",\"@id\":\"https:\\\/\\\/blogs.acatlan.unam.mx\\\/saladeprensa\\\/2019\\\/09\\\/19\\\/gran-participacion-de-la-comunidad-universitaria-en-el-macrosimulacro-en-la-fes-acatlan-%e2%80%a2tomaron-parte-estudiantes-academicos-funcionarios-y-trabajadores-de-los-turnos-matutino-y-vespertin\\\/\",\"url\":\"https:\\\/\\\/blogs.acatlan.unam.mx\\\/saladeprensa\\\/2019\\\/09\\\/19\\\/gran-participacion-de-la-comunidad-universitaria-en-el-macrosimulacro-en-la-fes-acatlan-%e2%80%a2tomaron-parte-estudiantes-academicos-funcionarios-y-trabajadores-de-los-turnos-matutino-y-vespertin\\\/\",\"name\":\"Gran participaci\u00f3n de la comunidad universitaria en el macrosimulacro en la FES Acatl\u00e1n \u2022 Tomaron parte estudiantes, acad\u00e9micos, funcionarios y trabajadores de los turnos matutino y vespertino - NotiFES Digital\",\"isPartOf\":{\"@id\":\"https:\\\/\\\/blogs.acatlan.unam.mx\\\/saladeprensa\\\/#website\"},\"primaryImageOfPage\":{\"@id\":\"https:\\\/\\\/blogs.acatlan.unam.mx\\\/saladeprensa\\\/2019\\\/09\\\/19\\\/gran-participacion-de-la-comunidad-universitaria-en-el-macrosimulacro-en-la-fes-acatlan-%e2%80%a2tomaron-parte-estudiantes-academicos-funcionarios-y-trabajadores-de-los-turnos-matutino-y-vespertin\\\/#primaryimage\"},\"image\":{\"@id\":\"https:\\\/\\\/blogs.acatlan.unam.mx\\\/saladeprensa\\\/2019\\\/09\\\/19\\\/gran-participacion-de-la-comunidad-universitaria-en-el-macrosimulacro-en-la-fes-acatlan-%e2%80%a2tomaron-parte-estudiantes-academicos-funcionarios-y-trabajadores-de-los-turnos-matutino-y-vespertin\\\/#primaryimage\"},\"thumbnailUrl\":\"https:\\\/\\\/i.imgur.com\\\/8Xmh3kBl.jpg\",\"datePublished\":\"2019-09-19T23:23:47+00:00\",\"dateModified\":\"2019-09-19T23:56:32+00:00\",\"breadcrumb\":{\"@id\":\"https:\\\/\\\/blogs.acatlan.unam.mx\\\/saladeprensa\\\/2019\\\/09\\\/19\\\/gran-participacion-de-la-comunidad-universitaria-en-el-macrosimulacro-en-la-fes-acatlan-%e2%80%a2tomaron-parte-estudiantes-academicos-funcionarios-y-trabajadores-de-los-turnos-matutino-y-vespertin\\\/#breadcrumb\"},\"inLanguage\":\"es\",\"potentialAction\":[{\"@type\":\"ReadAction\",\"target\":[\"https:\\\/\\\/blogs.acatlan.unam.mx\\\/saladeprensa\\\/2019\\\/09\\\/19\\\/gran-participacion-de-la-comunidad-universitaria-en-el-macrosimulacro-en-la-fes-acatlan-%e2%80%a2tomaron-parte-estudiantes-academicos-funcionarios-y-trabajadores-de-los-turnos-matutino-y-vespertin\\\/\"]}]},{\"@type\":\"ImageObject\",\"inLanguage\":\"es\",\"@id\":\"https:\\\/\\\/blogs.acatlan.unam.mx\\\/saladeprensa\\\/2019\\\/09\\\/19\\\/gran-participacion-de-la-comunidad-universitaria-en-el-macrosimulacro-en-la-fes-acatlan-%e2%80%a2tomaron-parte-estudiantes-academicos-funcionarios-y-trabajadores-de-los-turnos-matutino-y-vespertin\\\/#primaryimage\",\"url\":\"https:\\\/\\\/i.imgur.com\\\/8Xmh3kBl.jpg\",\"contentUrl\":\"https:\\\/\\\/i.imgur.com\\\/8Xmh3kBl.jpg\"},{\"@type\":\"BreadcrumbList\",\"@id\":\"https:\\\/\\\/blogs.acatlan.unam.mx\\\/saladeprensa\\\/2019\\\/09\\\/19\\\/gran-participacion-de-la-comunidad-universitaria-en-el-macrosimulacro-en-la-fes-acatlan-%e2%80%a2tomaron-parte-estudiantes-academicos-funcionarios-y-trabajadores-de-los-turnos-matutino-y-vespertin\\\/#breadcrumb\",\"itemListElement\":[{\"@type\":\"ListItem\",\"position\":1,\"name\":\"Portada\",\"item\":\"https:\\\/\\\/blogs.acatlan.unam.mx\\\/saladeprensa\\\/\"},{\"@type\":\"ListItem\",\"position\":2,\"name\":\"Gran participaci\u00f3n de la comunidad universitaria en el macrosimulacro en la FES Acatl\u00e1n \u2022 Tomaron parte estudiantes, acad\u00e9micos, funcionarios y trabajadores de los turnos matutino y vespertino\"}]},{\"@type\":\"WebSite\",\"@id\":\"https:\\\/\\\/blogs.acatlan.unam.mx\\\/saladeprensa\\\/#website\",\"url\":\"https:\\\/\\\/blogs.acatlan.unam.mx\\\/saladeprensa\\\/\",\"name\":\"NotiFES Digital\",\"description\":\"Sitio dedicado a la difusi\u00f3n de noticias de la FES Acatl\u00e1n\",\"publisher\":{\"@id\":\"https:\\\/\\\/blogs.acatlan.unam.mx\\\/saladeprensa\\\/#organization\"},\"potentialAction\":[{\"@type\":\"SearchAction\",\"target\":{\"@type\":\"EntryPoint\",\"urlTemplate\":\"https:\\\/\\\/blogs.acatlan.unam.mx\\\/saladeprensa\\\/?s={search_term_string}\"},\"query-input\":{\"@type\":\"PropertyValueSpecification\",\"valueRequired\":true,\"valueName\":\"search_term_string\"}}],\"inLanguage\":\"es\"},{\"@type\":\"Organization\",\"@id\":\"https:\\\/\\\/blogs.acatlan.unam.mx\\\/saladeprensa\\\/#organization\",\"name\":\"NotiFES Digital\",\"url\":\"https:\\\/\\\/blogs.acatlan.unam.mx\\\/saladeprensa\\\/\",\"logo\":{\"@type\":\"ImageObject\",\"inLanguage\":\"es\",\"@id\":\"https:\\\/\\\/blogs.acatlan.unam.mx\\\/saladeprensa\\\/#\\\/schema\\\/logo\\\/image\\\/\",\"url\":\"https:\\\/\\\/blogs.acatlan.unam.mx\\\/saladeprensa\\\/files\\\/2025\\\/01\\\/Logotipo-50-Aniversario-color.png\",\"contentUrl\":\"https:\\\/\\\/blogs.acatlan.unam.mx\\\/saladeprensa\\\/files\\\/2025\\\/01\\\/Logotipo-50-Aniversario-color.png\",\"width\":4500,\"height\":3397,\"caption\":\"NotiFES Digital\"},\"image\":{\"@id\":\"https:\\\/\\\/blogs.acatlan.unam.mx\\\/saladeprensa\\\/#\\\/schema\\\/logo\\\/image\\\/\"}},{\"@type\":\"Person\",\"@id\":\"https:\\\/\\\/blogs.acatlan.unam.mx\\\/saladeprensa\\\/#\\\/schema\\\/person\\\/89d21726fc33d9770774677815935a53\",\"name\":\"NotiFES Digital\",\"image\":{\"@type\":\"ImageObject\",\"inLanguage\":\"es\",\"@id\":\"https:\\\/\\\/secure.gravatar.com\\\/avatar\\\/6480d699d37abf2c2302dda8d8e2845fc451e65b0e3dfcfa130e3e30475b9dd3?s=96&d=mm&r=g\",\"url\":\"https:\\\/\\\/secure.gravatar.com\\\/avatar\\\/6480d699d37abf2c2302dda8d8e2845fc451e65b0e3dfcfa130e3e30475b9dd3?s=96&d=mm&r=g\",\"contentUrl\":\"https:\\\/\\\/secure.gravatar.com\\\/avatar\\\/6480d699d37abf2c2302dda8d8e2845fc451e65b0e3dfcfa130e3e30475b9dd3?s=96&d=mm&r=g\",\"caption\":\"NotiFES Digital\"},\"url\":\"https:\\\/\\\/blogs.acatlan.unam.mx\\\/saladeprensa\\\/author\\\/saladeprensa\\\/\"}]}<\/script>\n<!-- \/ Yoast SEO plugin. -->","yoast_head_json":{"title":"Gran participaci\u00f3n de la comunidad universitaria en el macrosimulacro en la FES Acatl\u00e1n \u2022 Tomaron parte estudiantes, acad\u00e9micos, funcionarios y trabajadores de los turnos matutino y vespertino - NotiFES Digital","robots":{"index":"index","follow":"follow","max-snippet":"max-snippet:-1","max-image-preview":"max-image-preview:large","max-video-preview":"max-video-preview:-1"},"canonical":"https:\/\/blogs.acatlan.unam.mx\/saladeprensa\/2019\/09\/19\/gran-participacion-de-la-comunidad-universitaria-en-el-macrosimulacro-en-la-fes-acatlan-\u2022tomaron-parte-estudiantes-academicos-funcionarios-y-trabajadores-de-los-turnos-matutino-y-vespertin\/","og_locale":"es_ES","og_type":"article","og_title":"Gran participaci\u00f3n de la comunidad universitaria en el macrosimulacro en la FES Acatl\u00e1n \u2022 Tomaron parte estudiantes, acad\u00e9micos, funcionarios y trabajadores de los turnos matutino y vespertino - NotiFES Digital","og_description":"En punto de las 10:00 horas en el turno matutino y a las 17:30 en el vespertino, miles de alumnos, catedr\u00e1ticos, trabajadores y autoridades participaron en el macrosimulacro: despu\u00e9s de la alarma s\u00edsmica, desalojaron en orden salones de clases, oficinas, talleres y laboratorios para concentrarse en los 27 puntos de reuni\u00f3n con que cuenta la [&hellip;]","og_url":"https:\/\/blogs.acatlan.unam.mx\/saladeprensa\/2019\/09\/19\/gran-participacion-de-la-comunidad-universitaria-en-el-macrosimulacro-en-la-fes-acatlan-\u2022tomaron-parte-estudiantes-academicos-funcionarios-y-trabajadores-de-los-turnos-matutino-y-vespertin\/","og_site_name":"NotiFES Digital","article_published_time":"2019-09-19T23:23:47+00:00","article_modified_time":"2019-09-19T23:56:32+00:00","og_image":[{"url":"https:\/\/i.imgur.com\/8Xmh3kBl.jpg","type":"","width":"","height":""}],"author":"NotiFES Digital","twitter_card":"summary_large_image","twitter_misc":{"Escrito por":"NotiFES Digital","Tiempo de lectura":"2 minutos"},"schema":{"@context":"https:\/\/schema.org","@graph":[{"@type":"Article","@id":"https:\/\/blogs.acatlan.unam.mx\/saladeprensa\/2019\/09\/19\/gran-participacion-de-la-comunidad-universitaria-en-el-macrosimulacro-en-la-fes-acatlan-%e2%80%a2tomaron-parte-estudiantes-academicos-funcionarios-y-trabajadores-de-los-turnos-matutino-y-vespertin\/#article","isPartOf":{"@id":"https:\/\/blogs.acatlan.unam.mx\/saladeprensa\/2019\/09\/19\/gran-participacion-de-la-comunidad-universitaria-en-el-macrosimulacro-en-la-fes-acatlan-%e2%80%a2tomaron-parte-estudiantes-academicos-funcionarios-y-trabajadores-de-los-turnos-matutino-y-vespertin\/"},"author":{"name":"NotiFES Digital","@id":"https:\/\/blogs.acatlan.unam.mx\/saladeprensa\/#\/schema\/person\/89d21726fc33d9770774677815935a53"},"headline":"Gran participaci\u00f3n de la comunidad universitaria en el macrosimulacro en la FES Acatl\u00e1n \u2022 Tomaron parte estudiantes, acad\u00e9micos, funcionarios y trabajadores de los turnos matutino y vespertino","datePublished":"2019-09-19T23:23:47+00:00","dateModified":"2019-09-19T23:56:32+00:00","mainEntityOfPage":{"@id":"https:\/\/blogs.acatlan.unam.mx\/saladeprensa\/2019\/09\/19\/gran-participacion-de-la-comunidad-universitaria-en-el-macrosimulacro-en-la-fes-acatlan-%e2%80%a2tomaron-parte-estudiantes-academicos-funcionarios-y-trabajadores-de-los-turnos-matutino-y-vespertin\/"},"wordCount":360,"publisher":{"@id":"https:\/\/blogs.acatlan.unam.mx\/saladeprensa\/#organization"},"image":{"@id":"https:\/\/blogs.acatlan.unam.mx\/saladeprensa\/2019\/09\/19\/gran-participacion-de-la-comunidad-universitaria-en-el-macrosimulacro-en-la-fes-acatlan-%e2%80%a2tomaron-parte-estudiantes-academicos-funcionarios-y-trabajadores-de-los-turnos-matutino-y-vespertin\/#primaryimage"},"thumbnailUrl":"https:\/\/i.imgur.com\/8Xmh3kBl.jpg","articleSection":["Boletines"],"inLanguage":"es"},{"@type":"WebPage","@id":"https:\/\/blogs.acatlan.unam.mx\/saladeprensa\/2019\/09\/19\/gran-participacion-de-la-comunidad-universitaria-en-el-macrosimulacro-en-la-fes-acatlan-%e2%80%a2tomaron-parte-estudiantes-academicos-funcionarios-y-trabajadores-de-los-turnos-matutino-y-vespertin\/","url":"https:\/\/blogs.acatlan.unam.mx\/saladeprensa\/2019\/09\/19\/gran-participacion-de-la-comunidad-universitaria-en-el-macrosimulacro-en-la-fes-acatlan-%e2%80%a2tomaron-parte-estudiantes-academicos-funcionarios-y-trabajadores-de-los-turnos-matutino-y-vespertin\/","name":"Gran participaci\u00f3n de la comunidad universitaria en el macrosimulacro en la FES Acatl\u00e1n \u2022 Tomaron parte estudiantes, acad\u00e9micos, funcionarios y trabajadores de los turnos matutino y vespertino - NotiFES Digital","isPartOf":{"@id":"https:\/\/blogs.acatlan.unam.mx\/saladeprensa\/#website"},"primaryImageOfPage":{"@id":"https:\/\/blogs.acatlan.unam.mx\/saladeprensa\/2019\/09\/19\/gran-participacion-de-la-comunidad-universitaria-en-el-macrosimulacro-en-la-fes-acatlan-%e2%80%a2tomaron-parte-estudiantes-academicos-funcionarios-y-trabajadores-de-los-turnos-matutino-y-vespertin\/#primaryimage"},"image":{"@id":"https:\/\/blogs.acatlan.unam.mx\/saladeprensa\/2019\/09\/19\/gran-participacion-de-la-comunidad-universitaria-en-el-macrosimulacro-en-la-fes-acatlan-%e2%80%a2tomaron-parte-estudiantes-academicos-funcionarios-y-trabajadores-de-los-turnos-matutino-y-vespertin\/#primaryimage"},"thumbnailUrl":"https:\/\/i.imgur.com\/8Xmh3kBl.jpg","datePublished":"2019-09-19T23:23:47+00:00","dateModified":"2019-09-19T23:56:32+00:00","breadcrumb":{"@id":"https:\/\/blogs.acatlan.unam.mx\/saladeprensa\/2019\/09\/19\/gran-participacion-de-la-comunidad-universitaria-en-el-macrosimulacro-en-la-fes-acatlan-%e2%80%a2tomaron-parte-estudiantes-academicos-funcionarios-y-trabajadores-de-los-turnos-matutino-y-vespertin\/#breadcrumb"},"inLanguage":"es","potentialAction":[{"@type":"ReadAction","target":["https:\/\/blogs.acatlan.unam.mx\/saladeprensa\/2019\/09\/19\/gran-participacion-de-la-comunidad-universitaria-en-el-macrosimulacro-en-la-fes-acatlan-%e2%80%a2tomaron-parte-estudiantes-academicos-funcionarios-y-trabajadores-de-los-turnos-matutino-y-vespertin\/"]}]},{"@type":"ImageObject","inLanguage":"es","@id":"https:\/\/blogs.acatlan.unam.mx\/saladeprensa\/2019\/09\/19\/gran-participacion-de-la-comunidad-universitaria-en-el-macrosimulacro-en-la-fes-acatlan-%e2%80%a2tomaron-parte-estudiantes-academicos-funcionarios-y-trabajadores-de-los-turnos-matutino-y-vespertin\/#primaryimage","url":"https:\/\/i.imgur.com\/8Xmh3kBl.jpg","contentUrl":"https:\/\/i.imgur.com\/8Xmh3kBl.jpg"},{"@type":"BreadcrumbList","@id":"https:\/\/blogs.acatlan.unam.mx\/saladeprensa\/2019\/09\/19\/gran-participacion-de-la-comunidad-universitaria-en-el-macrosimulacro-en-la-fes-acatlan-%e2%80%a2tomaron-parte-estudiantes-academicos-funcionarios-y-trabajadores-de-los-turnos-matutino-y-vespertin\/#breadcrumb","itemListElement":[{"@type":"ListItem","position":1,"name":"Portada","item":"https:\/\/blogs.acatlan.unam.mx\/saladeprensa\/"},{"@type":"ListItem","position":2,"name":"Gran participaci\u00f3n de la comunidad universitaria en el macrosimulacro en la FES Acatl\u00e1n \u2022 Tomaron parte estudiantes, acad\u00e9micos, funcionarios y trabajadores de los turnos matutino y vespertino"}]},{"@type":"WebSite","@id":"https:\/\/blogs.acatlan.unam.mx\/saladeprensa\/#website","url":"https:\/\/blogs.acatlan.unam.mx\/saladeprensa\/","name":"NotiFES Digital","description":"Sitio dedicado a la difusi\u00f3n de noticias de la FES Acatl\u00e1n","publisher":{"@id":"https:\/\/blogs.acatlan.unam.mx\/saladeprensa\/#organization"},"potentialAction":[{"@type":"SearchAction","target":{"@type":"EntryPoint","urlTemplate":"https:\/\/blogs.acatlan.unam.mx\/saladeprensa\/?s={search_term_string}"},"query-input":{"@type":"PropertyValueSpecification","valueRequired":true,"valueName":"search_term_string"}}],"inLanguage":"es"},{"@type":"Organization","@id":"https:\/\/blogs.acatlan.unam.mx\/saladeprensa\/#organization","name":"NotiFES Digital","url":"https:\/\/blogs.acatlan.unam.mx\/saladeprensa\/","logo":{"@type":"ImageObject","inLanguage":"es","@id":"https:\/\/blogs.acatlan.unam.mx\/saladeprensa\/#\/schema\/logo\/image\/","url":"https:\/\/blogs.acatlan.unam.mx\/saladeprensa\/files\/2025\/01\/Logotipo-50-Aniversario-color.png","contentUrl":"https:\/\/blogs.acatlan.unam.mx\/saladeprensa\/files\/2025\/01\/Logotipo-50-Aniversario-color.png","width":4500,"height":3397,"caption":"NotiFES Digital"},"image":{"@id":"https:\/\/blogs.acatlan.unam.mx\/saladeprensa\/#\/schema\/logo\/image\/"}},{"@type":"Person","@id":"https:\/\/blogs.acatlan.unam.mx\/saladeprensa\/#\/schema\/person\/89d21726fc33d9770774677815935a53","name":"NotiFES Digital","image":{"@type":"ImageObject","inLanguage":"es","@id":"https:\/\/secure.gravatar.com\/avatar\/6480d699d37abf2c2302dda8d8e2845fc451e65b0e3dfcfa130e3e30475b9dd3?s=96&d=mm&r=g","url":"https:\/\/secure.gravatar.com\/avatar\/6480d699d37abf2c2302dda8d8e2845fc451e65b0e3dfcfa130e3e30475b9dd3?s=96&d=mm&r=g","contentUrl":"https:\/\/secure.gravatar.com\/avatar\/6480d699d37abf2c2302dda8d8e2845fc451e65b0e3dfcfa130e3e30475b9dd3?s=96&d=mm&r=g","caption":"NotiFES Digital"},"url":"https:\/\/blogs.acatlan.unam.mx\/saladeprensa\/author\/saladeprensa\/"}]}},"_links":{"self":[{"href":"https:\/\/blogs.acatlan.unam.mx\/saladeprensa\/wp-json\/wp\/v2\/posts\/3232","targetHints":{"allow":["GET"]}}],"collection":[{"href":"https:\/\/blogs.acatlan.unam.mx\/saladeprensa\/wp-json\/wp\/v2\/posts"}],"about":[{"href":"https:\/\/blogs.acatlan.unam.mx\/saladeprensa\/wp-json\/wp\/v2\/types\/post"}],"author":[{"embeddable":true,"href":"https:\/\/blogs.acatlan.unam.mx\/saladeprensa\/wp-json\/wp\/v2\/users\/48"}],"replies":[{"embeddable":true,"href":"https:\/\/blogs.acatlan.unam.mx\/saladeprensa\/wp-json\/wp\/v2\/comments?post=3232"}],"version-history":[{"count":2,"href":"https:\/\/blogs.acatlan.unam.mx\/saladeprensa\/wp-json\/wp\/v2\/posts\/3232\/revisions"}],"predecessor-version":[{"id":3235,"href":"https:\/\/blogs.acatlan.unam.mx\/saladeprensa\/wp-json\/wp\/v2\/posts\/3232\/revisions\/3235"}],"wp:attachment":[{"href":"https:\/\/blogs.acatlan.unam.mx\/saladeprensa\/wp-json\/wp\/v2\/media?parent=3232"}],"wp:term":[{"taxonomy":"category","embeddable":true,"href":"https:\/\/blogs.acatlan.unam.mx\/saladeprensa\/wp-json\/wp\/v2\/categories?post=3232"},{"taxonomy":"post_tag","embeddable":true,"href":"https:\/\/blogs.acatlan.unam.mx\/saladeprensa\/wp-json\/wp\/v2\/tags?post=3232"}],"curies":[{"name":"wp","href":"https:\/\/api.w.org\/{rel}","templated":true}]}}