{"id":2586,"date":"2019-03-06T00:17:20","date_gmt":"2019-03-06T00:17:20","guid":{"rendered":"http:\/\/blogs.acatlan.unam.mx\/saladeprensa\/?p=2586"},"modified":"2019-03-06T00:17:20","modified_gmt":"2019-03-06T00:17:20","slug":"en-acatlan-inauguran-los-encuentros-deportivos-5-f-%e2%80%a2en-la-primera-jornada-los-equipos-de-casa-hicieron-valer-la-localia","status":"publish","type":"post","link":"https:\/\/blogs.acatlan.unam.mx\/saladeprensa\/2019\/03\/06\/en-acatlan-inauguran-los-encuentros-deportivos-5-f-%e2%80%a2en-la-primera-jornada-los-equipos-de-casa-hicieron-valer-la-localia\/","title":{"rendered":"En Acatl\u00e1n inauguran los Encuentros Deportivos 5-F  \u2022\tEn la primera jornada los equipos de casa hicieron valer la local\u00eda"},"content":{"rendered":"<p><a href=\"https:\/\/imgur.com\/DQx9NDY\"><img decoding=\"async\" src=\"https:\/\/i.imgur.com\/DQx9NDYl.jpg\" title=\"source: imgur.com\" \/><\/a><br \/>\n<a href=\"https:\/\/imgur.com\/67q600t\"><img decoding=\"async\" src=\"https:\/\/i.imgur.com\/67q600tl.jpg\" title=\"source: imgur.com\" \/><\/a><br \/>\n<a href=\"https:\/\/imgur.com\/Y66NSpF\"><img decoding=\"async\" src=\"https:\/\/i.imgur.com\/Y66NSpFl.jpg\" title=\"source: imgur.com\" \/><\/a><br \/>\n<a href=\"https:\/\/imgur.com\/hKEEkWD\"><img decoding=\"async\" src=\"https:\/\/i.imgur.com\/hKEEkWDl.jpg\" title=\"source: imgur.com\" \/><\/a><\/p>\n<p>\u201cEs un honor ser testigo de esta tercera edici\u00f3n de los Encuentros Deportivos 5F; recuerdo la iniciativa de todos los coordinadores deportivos insistiendo en que formul\u00e1ramos este concepto bajo la instrumentaci\u00f3n de los Juegos Universitarios\u201d, se\u00f1al\u00f3 el licenciando Alejandro Fern\u00e1ndez Varela Jim\u00e9nez, Director General del Deporte Universitario, al inaugurar la justa deportiva en el estadio de la FES Acatl\u00e1n.<br \/>\n<!--more--><\/p>\n<p>Acompa\u00f1ado de autoridades, estudiantes y profesores, Fern\u00e1ndez Varela Jim\u00e9nez agreg\u00f3 que la tercera edici\u00f3n de los Encuentros Deportivos 5-F tienen como objetivo fomentar la disciplina, la pasi\u00f3n y la sana competencia entre los universitarios de las cinco entidades multidisciplinarias de la UNAM.<\/p>\n<p>A su vez, el doctor Alejandro Byrd Orozco, secretario de Extensi\u00f3n Universitaria y Vinculaci\u00f3n Institucional de la FES Acatl\u00e1n, en nombre del Doctor Manuel Mart\u00ednez Justo, director del plantel, coment\u00f3 \u201cBienvenidos a la FES Acatl\u00e1n. Somos un campus abierto como todos los de la universidad, somos geograf\u00edas distintas, pero identidades compartidas. El deporte no s\u00f3lo fraterniza, nos aproxima en nuestras diferencias. Siempre ser\u00e1 mejor tener j\u00f3venes en los campos de juego que andarlos buscando en qui\u00e9n sabe d\u00f3nde. El deporte es la forma m\u00e1s noble y m\u00e1s alta de mostrar qui\u00e9nes somos\u201d. <\/p>\n<p>El juramento deportivo estuvo a cargo de Daniela Guerrero Huesca, alumna de Derecho y miembro del equipo de futbol soccer, mientras que por los entrenadores lo hizo Nara Medina Tello, de atletismo, ambas representantes de nuestra Facultad. <\/p>\n<p>En esta primera jornada, los equipos de casa hicieron valer su jerarqu\u00eda al imponerse ante sus rivales de la FES Iztacala en basquetbol femenil y varonil con marcador de 35-21 y 63-53, respectivamente, mientras que en voleibol las chicas se impusieron con marcador 50-37 y los varones 68-66.<\/p>\n<p>La misma suerte acompa\u00f1\u00f3 a los acatlecos en futbol r\u00e1pido femenil y varonil, al imponerse con marcadores 2-1 y 4-2, respectivamente, mientras que en futbol asociaci\u00f3n, los de casa empataron a uno en ambas ramas.<\/p>\n<p>Presenciaron las competencias, el ingeniero Gabriel Alejandro L\u00f3pez Campos, el coordinador de Actividades Deportivas y Recreativas de la FES Acatl\u00e1n, sus colegas, el licenciado Carlos Octavio Cruz Valencia de la FES Arag\u00f3n; el licenciado Oscar Alfonso Ordu\u00f1o Y\u00e1\u00f1ez, de la FES Cuautitl\u00e1n; el maestro Akira Salvador Esqueda Gakiya, de la FES Iztacala; el maestro Cosme Ortega \u00c1vila, de la FES Iztacala, y la licenciada Daria Camacho Heredia, coordinadora f\u00edsica del Colegio de Ciencias y Humanidades Plantel Naucalpan.<\/p>\n<p>Es importante se\u00f1alar que los Encuentros Deportivos 5F tendr\u00e1n su segunda jornada el 13 de marzo en la FES Zaragoza; la tercera jornada ser\u00e1 21 de marzo en Iztacala; la cuarta jornada le corresponder\u00e1 a Arag\u00f3n el 5 de abril, y el cierre en el Campus Cuautitl\u00e1n el 25 de abril.<\/p>\n","protected":false},"excerpt":{"rendered":"<p>\u201cEs un honor ser testigo de esta tercera edici\u00f3n de los Encuentros Deportivos 5F; recuerdo la iniciativa de todos los coordinadores deportivos insistiendo en que formul\u00e1ramos este concepto bajo la instrumentaci\u00f3n de los Juegos Universitarios\u201d, se\u00f1al\u00f3 el licenciando Alejandro Fern\u00e1ndez Varela Jim\u00e9nez, Director General del Deporte Universitario, al inaugurar la justa deportiva en el estadio [&hellip;]<\/p>\n","protected":false},"author":48,"featured_media":0,"comment_status":"closed","ping_status":"closed","sticky":false,"template":"","format":"standard","meta":{"_exactmetrics_skip_tracking":false,"fifu_image_url":"","fifu_image_alt":"","footnotes":""},"categories":[2],"tags":[],"class_list":["post-2586","post","type-post","status-publish","format-standard","hentry","category-boletines"],"yoast_head":"<!-- This site is optimized with the Yoast SEO plugin v28.1 - https:\/\/yoast.com\/product\/yoast-seo-wordpress\/ -->\n<title>En Acatl\u00e1n inauguran los Encuentros Deportivos 5-F \u2022 En la primera jornada los equipos de casa hicieron valer la local\u00eda - NotiFES Digital<\/title>\n<meta name=\"robots\" content=\"index, follow, max-snippet:-1, max-image-preview:large, max-video-preview:-1\" \/>\n<link rel=\"canonical\" href=\"https:\/\/blogs.acatlan.unam.mx\/saladeprensa\/2019\/03\/06\/en-acatlan-inauguran-los-encuentros-deportivos-5-f-\u2022en-la-primera-jornada-los-equipos-de-casa-hicieron-valer-la-localia\/\" \/>\n<meta property=\"og:locale\" content=\"es_ES\" \/>\n<meta property=\"og:type\" content=\"article\" \/>\n<meta property=\"og:title\" content=\"En Acatl\u00e1n inauguran los Encuentros Deportivos 5-F \u2022 En la primera jornada los equipos de casa hicieron valer la local\u00eda - NotiFES Digital\" \/>\n<meta property=\"og:description\" content=\"\u201cEs un honor ser testigo de esta tercera edici\u00f3n de los Encuentros Deportivos 5F; recuerdo la iniciativa de todos los coordinadores deportivos insistiendo en que formul\u00e1ramos este concepto bajo la instrumentaci\u00f3n de los Juegos Universitarios\u201d, se\u00f1al\u00f3 el licenciando Alejandro Fern\u00e1ndez Varela Jim\u00e9nez, Director General del Deporte Universitario, al inaugurar la justa deportiva en el estadio [&hellip;]\" \/>\n<meta property=\"og:url\" content=\"https:\/\/blogs.acatlan.unam.mx\/saladeprensa\/2019\/03\/06\/en-acatlan-inauguran-los-encuentros-deportivos-5-f-\u2022en-la-primera-jornada-los-equipos-de-casa-hicieron-valer-la-localia\/\" \/>\n<meta property=\"og:site_name\" content=\"NotiFES Digital\" \/>\n<meta property=\"article:published_time\" content=\"2019-03-06T00:17:20+00:00\" \/>\n<meta property=\"og:image\" content=\"https:\/\/i.imgur.com\/DQx9NDYl.jpg\" \/>\n<meta name=\"author\" content=\"NotiFES Digital\" \/>\n<meta name=\"twitter:card\" content=\"summary_large_image\" \/>\n<meta name=\"twitter:label1\" content=\"Escrito por\" \/>\n\t<meta name=\"twitter:data1\" content=\"NotiFES Digital\" \/>\n\t<meta name=\"twitter:label2\" content=\"Tiempo de lectura\" \/>\n\t<meta name=\"twitter:data2\" content=\"2 minutos\" \/>\n<script type=\"application\/ld+json\" class=\"yoast-schema-graph\">{\"@context\":\"https:\\\/\\\/schema.org\",\"@graph\":[{\"@type\":\"Article\",\"@id\":\"https:\\\/\\\/blogs.acatlan.unam.mx\\\/saladeprensa\\\/2019\\\/03\\\/06\\\/en-acatlan-inauguran-los-encuentros-deportivos-5-f-%e2%80%a2en-la-primera-jornada-los-equipos-de-casa-hicieron-valer-la-localia\\\/#article\",\"isPartOf\":{\"@id\":\"https:\\\/\\\/blogs.acatlan.unam.mx\\\/saladeprensa\\\/2019\\\/03\\\/06\\\/en-acatlan-inauguran-los-encuentros-deportivos-5-f-%e2%80%a2en-la-primera-jornada-los-equipos-de-casa-hicieron-valer-la-localia\\\/\"},\"author\":{\"name\":\"NotiFES Digital\",\"@id\":\"https:\\\/\\\/blogs.acatlan.unam.mx\\\/saladeprensa\\\/#\\\/schema\\\/person\\\/89d21726fc33d9770774677815935a53\"},\"headline\":\"En Acatl\u00e1n inauguran los Encuentros Deportivos 5-F \u2022 En la primera jornada los equipos de casa hicieron valer la local\u00eda\",\"datePublished\":\"2019-03-06T00:17:20+00:00\",\"mainEntityOfPage\":{\"@id\":\"https:\\\/\\\/blogs.acatlan.unam.mx\\\/saladeprensa\\\/2019\\\/03\\\/06\\\/en-acatlan-inauguran-los-encuentros-deportivos-5-f-%e2%80%a2en-la-primera-jornada-los-equipos-de-casa-hicieron-valer-la-localia\\\/\"},\"wordCount\":497,\"publisher\":{\"@id\":\"https:\\\/\\\/blogs.acatlan.unam.mx\\\/saladeprensa\\\/#organization\"},\"image\":{\"@id\":\"https:\\\/\\\/blogs.acatlan.unam.mx\\\/saladeprensa\\\/2019\\\/03\\\/06\\\/en-acatlan-inauguran-los-encuentros-deportivos-5-f-%e2%80%a2en-la-primera-jornada-los-equipos-de-casa-hicieron-valer-la-localia\\\/#primaryimage\"},\"thumbnailUrl\":\"https:\\\/\\\/i.imgur.com\\\/DQx9NDYl.jpg\",\"articleSection\":[\"Boletines\"],\"inLanguage\":\"es\"},{\"@type\":\"WebPage\",\"@id\":\"https:\\\/\\\/blogs.acatlan.unam.mx\\\/saladeprensa\\\/2019\\\/03\\\/06\\\/en-acatlan-inauguran-los-encuentros-deportivos-5-f-%e2%80%a2en-la-primera-jornada-los-equipos-de-casa-hicieron-valer-la-localia\\\/\",\"url\":\"https:\\\/\\\/blogs.acatlan.unam.mx\\\/saladeprensa\\\/2019\\\/03\\\/06\\\/en-acatlan-inauguran-los-encuentros-deportivos-5-f-%e2%80%a2en-la-primera-jornada-los-equipos-de-casa-hicieron-valer-la-localia\\\/\",\"name\":\"En Acatl\u00e1n inauguran los Encuentros Deportivos 5-F \u2022 En la primera jornada los equipos de casa hicieron valer la local\u00eda - NotiFES Digital\",\"isPartOf\":{\"@id\":\"https:\\\/\\\/blogs.acatlan.unam.mx\\\/saladeprensa\\\/#website\"},\"primaryImageOfPage\":{\"@id\":\"https:\\\/\\\/blogs.acatlan.unam.mx\\\/saladeprensa\\\/2019\\\/03\\\/06\\\/en-acatlan-inauguran-los-encuentros-deportivos-5-f-%e2%80%a2en-la-primera-jornada-los-equipos-de-casa-hicieron-valer-la-localia\\\/#primaryimage\"},\"image\":{\"@id\":\"https:\\\/\\\/blogs.acatlan.unam.mx\\\/saladeprensa\\\/2019\\\/03\\\/06\\\/en-acatlan-inauguran-los-encuentros-deportivos-5-f-%e2%80%a2en-la-primera-jornada-los-equipos-de-casa-hicieron-valer-la-localia\\\/#primaryimage\"},\"thumbnailUrl\":\"https:\\\/\\\/i.imgur.com\\\/DQx9NDYl.jpg\",\"datePublished\":\"2019-03-06T00:17:20+00:00\",\"breadcrumb\":{\"@id\":\"https:\\\/\\\/blogs.acatlan.unam.mx\\\/saladeprensa\\\/2019\\\/03\\\/06\\\/en-acatlan-inauguran-los-encuentros-deportivos-5-f-%e2%80%a2en-la-primera-jornada-los-equipos-de-casa-hicieron-valer-la-localia\\\/#breadcrumb\"},\"inLanguage\":\"es\",\"potentialAction\":[{\"@type\":\"ReadAction\",\"target\":[\"https:\\\/\\\/blogs.acatlan.unam.mx\\\/saladeprensa\\\/2019\\\/03\\\/06\\\/en-acatlan-inauguran-los-encuentros-deportivos-5-f-%e2%80%a2en-la-primera-jornada-los-equipos-de-casa-hicieron-valer-la-localia\\\/\"]}]},{\"@type\":\"ImageObject\",\"inLanguage\":\"es\",\"@id\":\"https:\\\/\\\/blogs.acatlan.unam.mx\\\/saladeprensa\\\/2019\\\/03\\\/06\\\/en-acatlan-inauguran-los-encuentros-deportivos-5-f-%e2%80%a2en-la-primera-jornada-los-equipos-de-casa-hicieron-valer-la-localia\\\/#primaryimage\",\"url\":\"https:\\\/\\\/i.imgur.com\\\/DQx9NDYl.jpg\",\"contentUrl\":\"https:\\\/\\\/i.imgur.com\\\/DQx9NDYl.jpg\"},{\"@type\":\"BreadcrumbList\",\"@id\":\"https:\\\/\\\/blogs.acatlan.unam.mx\\\/saladeprensa\\\/2019\\\/03\\\/06\\\/en-acatlan-inauguran-los-encuentros-deportivos-5-f-%e2%80%a2en-la-primera-jornada-los-equipos-de-casa-hicieron-valer-la-localia\\\/#breadcrumb\",\"itemListElement\":[{\"@type\":\"ListItem\",\"position\":1,\"name\":\"Portada\",\"item\":\"https:\\\/\\\/blogs.acatlan.unam.mx\\\/saladeprensa\\\/\"},{\"@type\":\"ListItem\",\"position\":2,\"name\":\"En Acatl\u00e1n inauguran los Encuentros Deportivos 5-F \u2022 En la primera jornada los equipos de casa hicieron valer la local\u00eda\"}]},{\"@type\":\"WebSite\",\"@id\":\"https:\\\/\\\/blogs.acatlan.unam.mx\\\/saladeprensa\\\/#website\",\"url\":\"https:\\\/\\\/blogs.acatlan.unam.mx\\\/saladeprensa\\\/\",\"name\":\"NotiFES Digital\",\"description\":\"Sitio dedicado a la difusi\u00f3n de noticias de la FES Acatl\u00e1n\",\"publisher\":{\"@id\":\"https:\\\/\\\/blogs.acatlan.unam.mx\\\/saladeprensa\\\/#organization\"},\"potentialAction\":[{\"@type\":\"SearchAction\",\"target\":{\"@type\":\"EntryPoint\",\"urlTemplate\":\"https:\\\/\\\/blogs.acatlan.unam.mx\\\/saladeprensa\\\/?s={search_term_string}\"},\"query-input\":{\"@type\":\"PropertyValueSpecification\",\"valueRequired\":true,\"valueName\":\"search_term_string\"}}],\"inLanguage\":\"es\"},{\"@type\":\"Organization\",\"@id\":\"https:\\\/\\\/blogs.acatlan.unam.mx\\\/saladeprensa\\\/#organization\",\"name\":\"NotiFES Digital\",\"url\":\"https:\\\/\\\/blogs.acatlan.unam.mx\\\/saladeprensa\\\/\",\"logo\":{\"@type\":\"ImageObject\",\"inLanguage\":\"es\",\"@id\":\"https:\\\/\\\/blogs.acatlan.unam.mx\\\/saladeprensa\\\/#\\\/schema\\\/logo\\\/image\\\/\",\"url\":\"https:\\\/\\\/blogs.acatlan.unam.mx\\\/saladeprensa\\\/files\\\/2025\\\/01\\\/Logotipo-50-Aniversario-color.png\",\"contentUrl\":\"https:\\\/\\\/blogs.acatlan.unam.mx\\\/saladeprensa\\\/files\\\/2025\\\/01\\\/Logotipo-50-Aniversario-color.png\",\"width\":4500,\"height\":3397,\"caption\":\"NotiFES Digital\"},\"image\":{\"@id\":\"https:\\\/\\\/blogs.acatlan.unam.mx\\\/saladeprensa\\\/#\\\/schema\\\/logo\\\/image\\\/\"}},{\"@type\":\"Person\",\"@id\":\"https:\\\/\\\/blogs.acatlan.unam.mx\\\/saladeprensa\\\/#\\\/schema\\\/person\\\/89d21726fc33d9770774677815935a53\",\"name\":\"NotiFES Digital\",\"image\":{\"@type\":\"ImageObject\",\"inLanguage\":\"es\",\"@id\":\"https:\\\/\\\/secure.gravatar.com\\\/avatar\\\/6480d699d37abf2c2302dda8d8e2845fc451e65b0e3dfcfa130e3e30475b9dd3?s=96&d=mm&r=g\",\"url\":\"https:\\\/\\\/secure.gravatar.com\\\/avatar\\\/6480d699d37abf2c2302dda8d8e2845fc451e65b0e3dfcfa130e3e30475b9dd3?s=96&d=mm&r=g\",\"contentUrl\":\"https:\\\/\\\/secure.gravatar.com\\\/avatar\\\/6480d699d37abf2c2302dda8d8e2845fc451e65b0e3dfcfa130e3e30475b9dd3?s=96&d=mm&r=g\",\"caption\":\"NotiFES Digital\"},\"url\":\"https:\\\/\\\/blogs.acatlan.unam.mx\\\/saladeprensa\\\/author\\\/saladeprensa\\\/\"}]}<\/script>\n<!-- \/ Yoast SEO plugin. -->","yoast_head_json":{"title":"En Acatl\u00e1n inauguran los Encuentros Deportivos 5-F \u2022 En la primera jornada los equipos de casa hicieron valer la local\u00eda - NotiFES Digital","robots":{"index":"index","follow":"follow","max-snippet":"max-snippet:-1","max-image-preview":"max-image-preview:large","max-video-preview":"max-video-preview:-1"},"canonical":"https:\/\/blogs.acatlan.unam.mx\/saladeprensa\/2019\/03\/06\/en-acatlan-inauguran-los-encuentros-deportivos-5-f-\u2022en-la-primera-jornada-los-equipos-de-casa-hicieron-valer-la-localia\/","og_locale":"es_ES","og_type":"article","og_title":"En Acatl\u00e1n inauguran los Encuentros Deportivos 5-F \u2022 En la primera jornada los equipos de casa hicieron valer la local\u00eda - NotiFES Digital","og_description":"\u201cEs un honor ser testigo de esta tercera edici\u00f3n de los Encuentros Deportivos 5F; recuerdo la iniciativa de todos los coordinadores deportivos insistiendo en que formul\u00e1ramos este concepto bajo la instrumentaci\u00f3n de los Juegos Universitarios\u201d, se\u00f1al\u00f3 el licenciando Alejandro Fern\u00e1ndez Varela Jim\u00e9nez, Director General del Deporte Universitario, al inaugurar la justa deportiva en el estadio [&hellip;]","og_url":"https:\/\/blogs.acatlan.unam.mx\/saladeprensa\/2019\/03\/06\/en-acatlan-inauguran-los-encuentros-deportivos-5-f-\u2022en-la-primera-jornada-los-equipos-de-casa-hicieron-valer-la-localia\/","og_site_name":"NotiFES Digital","article_published_time":"2019-03-06T00:17:20+00:00","og_image":[{"url":"https:\/\/i.imgur.com\/DQx9NDYl.jpg","type":"","width":"","height":""}],"author":"NotiFES Digital","twitter_card":"summary_large_image","twitter_misc":{"Escrito por":"NotiFES Digital","Tiempo de lectura":"2 minutos"},"schema":{"@context":"https:\/\/schema.org","@graph":[{"@type":"Article","@id":"https:\/\/blogs.acatlan.unam.mx\/saladeprensa\/2019\/03\/06\/en-acatlan-inauguran-los-encuentros-deportivos-5-f-%e2%80%a2en-la-primera-jornada-los-equipos-de-casa-hicieron-valer-la-localia\/#article","isPartOf":{"@id":"https:\/\/blogs.acatlan.unam.mx\/saladeprensa\/2019\/03\/06\/en-acatlan-inauguran-los-encuentros-deportivos-5-f-%e2%80%a2en-la-primera-jornada-los-equipos-de-casa-hicieron-valer-la-localia\/"},"author":{"name":"NotiFES Digital","@id":"https:\/\/blogs.acatlan.unam.mx\/saladeprensa\/#\/schema\/person\/89d21726fc33d9770774677815935a53"},"headline":"En Acatl\u00e1n inauguran los Encuentros Deportivos 5-F \u2022 En la primera jornada los equipos de casa hicieron valer la local\u00eda","datePublished":"2019-03-06T00:17:20+00:00","mainEntityOfPage":{"@id":"https:\/\/blogs.acatlan.unam.mx\/saladeprensa\/2019\/03\/06\/en-acatlan-inauguran-los-encuentros-deportivos-5-f-%e2%80%a2en-la-primera-jornada-los-equipos-de-casa-hicieron-valer-la-localia\/"},"wordCount":497,"publisher":{"@id":"https:\/\/blogs.acatlan.unam.mx\/saladeprensa\/#organization"},"image":{"@id":"https:\/\/blogs.acatlan.unam.mx\/saladeprensa\/2019\/03\/06\/en-acatlan-inauguran-los-encuentros-deportivos-5-f-%e2%80%a2en-la-primera-jornada-los-equipos-de-casa-hicieron-valer-la-localia\/#primaryimage"},"thumbnailUrl":"https:\/\/i.imgur.com\/DQx9NDYl.jpg","articleSection":["Boletines"],"inLanguage":"es"},{"@type":"WebPage","@id":"https:\/\/blogs.acatlan.unam.mx\/saladeprensa\/2019\/03\/06\/en-acatlan-inauguran-los-encuentros-deportivos-5-f-%e2%80%a2en-la-primera-jornada-los-equipos-de-casa-hicieron-valer-la-localia\/","url":"https:\/\/blogs.acatlan.unam.mx\/saladeprensa\/2019\/03\/06\/en-acatlan-inauguran-los-encuentros-deportivos-5-f-%e2%80%a2en-la-primera-jornada-los-equipos-de-casa-hicieron-valer-la-localia\/","name":"En Acatl\u00e1n inauguran los Encuentros Deportivos 5-F \u2022 En la primera jornada los equipos de casa hicieron valer la local\u00eda - NotiFES Digital","isPartOf":{"@id":"https:\/\/blogs.acatlan.unam.mx\/saladeprensa\/#website"},"primaryImageOfPage":{"@id":"https:\/\/blogs.acatlan.unam.mx\/saladeprensa\/2019\/03\/06\/en-acatlan-inauguran-los-encuentros-deportivos-5-f-%e2%80%a2en-la-primera-jornada-los-equipos-de-casa-hicieron-valer-la-localia\/#primaryimage"},"image":{"@id":"https:\/\/blogs.acatlan.unam.mx\/saladeprensa\/2019\/03\/06\/en-acatlan-inauguran-los-encuentros-deportivos-5-f-%e2%80%a2en-la-primera-jornada-los-equipos-de-casa-hicieron-valer-la-localia\/#primaryimage"},"thumbnailUrl":"https:\/\/i.imgur.com\/DQx9NDYl.jpg","datePublished":"2019-03-06T00:17:20+00:00","breadcrumb":{"@id":"https:\/\/blogs.acatlan.unam.mx\/saladeprensa\/2019\/03\/06\/en-acatlan-inauguran-los-encuentros-deportivos-5-f-%e2%80%a2en-la-primera-jornada-los-equipos-de-casa-hicieron-valer-la-localia\/#breadcrumb"},"inLanguage":"es","potentialAction":[{"@type":"ReadAction","target":["https:\/\/blogs.acatlan.unam.mx\/saladeprensa\/2019\/03\/06\/en-acatlan-inauguran-los-encuentros-deportivos-5-f-%e2%80%a2en-la-primera-jornada-los-equipos-de-casa-hicieron-valer-la-localia\/"]}]},{"@type":"ImageObject","inLanguage":"es","@id":"https:\/\/blogs.acatlan.unam.mx\/saladeprensa\/2019\/03\/06\/en-acatlan-inauguran-los-encuentros-deportivos-5-f-%e2%80%a2en-la-primera-jornada-los-equipos-de-casa-hicieron-valer-la-localia\/#primaryimage","url":"https:\/\/i.imgur.com\/DQx9NDYl.jpg","contentUrl":"https:\/\/i.imgur.com\/DQx9NDYl.jpg"},{"@type":"BreadcrumbList","@id":"https:\/\/blogs.acatlan.unam.mx\/saladeprensa\/2019\/03\/06\/en-acatlan-inauguran-los-encuentros-deportivos-5-f-%e2%80%a2en-la-primera-jornada-los-equipos-de-casa-hicieron-valer-la-localia\/#breadcrumb","itemListElement":[{"@type":"ListItem","position":1,"name":"Portada","item":"https:\/\/blogs.acatlan.unam.mx\/saladeprensa\/"},{"@type":"ListItem","position":2,"name":"En Acatl\u00e1n inauguran los Encuentros Deportivos 5-F \u2022 En la primera jornada los equipos de casa hicieron valer la local\u00eda"}]},{"@type":"WebSite","@id":"https:\/\/blogs.acatlan.unam.mx\/saladeprensa\/#website","url":"https:\/\/blogs.acatlan.unam.mx\/saladeprensa\/","name":"NotiFES Digital","description":"Sitio dedicado a la difusi\u00f3n de noticias de la FES Acatl\u00e1n","publisher":{"@id":"https:\/\/blogs.acatlan.unam.mx\/saladeprensa\/#organization"},"potentialAction":[{"@type":"SearchAction","target":{"@type":"EntryPoint","urlTemplate":"https:\/\/blogs.acatlan.unam.mx\/saladeprensa\/?s={search_term_string}"},"query-input":{"@type":"PropertyValueSpecification","valueRequired":true,"valueName":"search_term_string"}}],"inLanguage":"es"},{"@type":"Organization","@id":"https:\/\/blogs.acatlan.unam.mx\/saladeprensa\/#organization","name":"NotiFES Digital","url":"https:\/\/blogs.acatlan.unam.mx\/saladeprensa\/","logo":{"@type":"ImageObject","inLanguage":"es","@id":"https:\/\/blogs.acatlan.unam.mx\/saladeprensa\/#\/schema\/logo\/image\/","url":"https:\/\/blogs.acatlan.unam.mx\/saladeprensa\/files\/2025\/01\/Logotipo-50-Aniversario-color.png","contentUrl":"https:\/\/blogs.acatlan.unam.mx\/saladeprensa\/files\/2025\/01\/Logotipo-50-Aniversario-color.png","width":4500,"height":3397,"caption":"NotiFES Digital"},"image":{"@id":"https:\/\/blogs.acatlan.unam.mx\/saladeprensa\/#\/schema\/logo\/image\/"}},{"@type":"Person","@id":"https:\/\/blogs.acatlan.unam.mx\/saladeprensa\/#\/schema\/person\/89d21726fc33d9770774677815935a53","name":"NotiFES Digital","image":{"@type":"ImageObject","inLanguage":"es","@id":"https:\/\/secure.gravatar.com\/avatar\/6480d699d37abf2c2302dda8d8e2845fc451e65b0e3dfcfa130e3e30475b9dd3?s=96&d=mm&r=g","url":"https:\/\/secure.gravatar.com\/avatar\/6480d699d37abf2c2302dda8d8e2845fc451e65b0e3dfcfa130e3e30475b9dd3?s=96&d=mm&r=g","contentUrl":"https:\/\/secure.gravatar.com\/avatar\/6480d699d37abf2c2302dda8d8e2845fc451e65b0e3dfcfa130e3e30475b9dd3?s=96&d=mm&r=g","caption":"NotiFES Digital"},"url":"https:\/\/blogs.acatlan.unam.mx\/saladeprensa\/author\/saladeprensa\/"}]}},"_links":{"self":[{"href":"https:\/\/blogs.acatlan.unam.mx\/saladeprensa\/wp-json\/wp\/v2\/posts\/2586","targetHints":{"allow":["GET"]}}],"collection":[{"href":"https:\/\/blogs.acatlan.unam.mx\/saladeprensa\/wp-json\/wp\/v2\/posts"}],"about":[{"href":"https:\/\/blogs.acatlan.unam.mx\/saladeprensa\/wp-json\/wp\/v2\/types\/post"}],"author":[{"embeddable":true,"href":"https:\/\/blogs.acatlan.unam.mx\/saladeprensa\/wp-json\/wp\/v2\/users\/48"}],"replies":[{"embeddable":true,"href":"https:\/\/blogs.acatlan.unam.mx\/saladeprensa\/wp-json\/wp\/v2\/comments?post=2586"}],"version-history":[{"count":1,"href":"https:\/\/blogs.acatlan.unam.mx\/saladeprensa\/wp-json\/wp\/v2\/posts\/2586\/revisions"}],"predecessor-version":[{"id":2587,"href":"https:\/\/blogs.acatlan.unam.mx\/saladeprensa\/wp-json\/wp\/v2\/posts\/2586\/revisions\/2587"}],"wp:attachment":[{"href":"https:\/\/blogs.acatlan.unam.mx\/saladeprensa\/wp-json\/wp\/v2\/media?parent=2586"}],"wp:term":[{"taxonomy":"category","embeddable":true,"href":"https:\/\/blogs.acatlan.unam.mx\/saladeprensa\/wp-json\/wp\/v2\/categories?post=2586"},{"taxonomy":"post_tag","embeddable":true,"href":"https:\/\/blogs.acatlan.unam.mx\/saladeprensa\/wp-json\/wp\/v2\/tags?post=2586"}],"curies":[{"name":"wp","href":"https:\/\/api.w.org\/{rel}","templated":true}]}}