{"id":1507,"date":"2018-03-01T18:54:39","date_gmt":"2018-03-01T18:54:39","guid":{"rendered":"http:\/\/blogs.acatlan.unam.mx\/saladeprensa\/?p=1507"},"modified":"2018-03-01T18:54:39","modified_gmt":"2018-03-01T18:54:39","slug":"presencia-internacional-de-ingenieros-civiles-%e2%80%a2-rinden-protesta-en-el-capitulo-estudiantil-de-la-american-concrete-institute","status":"publish","type":"post","link":"https:\/\/blogs.acatlan.unam.mx\/saladeprensa\/2018\/03\/01\/presencia-internacional-de-ingenieros-civiles-%e2%80%a2-rinden-protesta-en-el-capitulo-estudiantil-de-la-american-concrete-institute\/","title":{"rendered":"Presencia internacional de ingenieros civiles \u2022 Rinden protesta en el cap\u00edtulo estudiantil de la American Concrete Institute"},"content":{"rendered":"<p><a href=\"https:\/\/imgur.com\/y94SkQs\"><img decoding=\"async\" src=\"https:\/\/i.imgur.com\/y94SkQsl.jpg\" title=\"source: imgur.com\" \/><\/a><br \/>\n<a href=\"https:\/\/imgur.com\/R58nudf\"><img decoding=\"async\" src=\"https:\/\/i.imgur.com\/R58nudfl.jpg\" title=\"source: imgur.com\" \/><\/a><br \/>\n<a href=\"https:\/\/imgur.com\/Pcb0cV4\"><img decoding=\"async\" src=\"https:\/\/i.imgur.com\/Pcb0cV4l.jpg\" title=\"source: imgur.com\" \/><\/a><\/p>\n<p>Alumnos de octavo semestre de la licenciatura en Ingenier\u00eda Civil rindieron protesta en el cap\u00edtulo estudiantil de la American Concrete Institute (ACI), secci\u00f3n Centro y Sur de M\u00e9xico, por parte de su presidente, el maestro Jorge Javier Mart\u00ednez Ch\u00e1vez, quien reconoci\u00f3 el inter\u00e9s de este campus universitario por vincularse con sedes internacionales, lo que permite a los alumnos vivir nuevas experiencias.<br \/>\n<!--more--><\/p>\n<p>En ceremonia realizada en la Unidad de Congresos de la Unidad de Investigaci\u00f3n Multidisciplinaria de la Facultad de Estudios Superiores Acatl\u00e1n, Mart\u00ednez Ch\u00e1vez destac\u00f3 el caso de M\u00e9xico, al ser el pa\u00eds con m\u00e1s representaciones en el cap\u00edtulo estudiantil (20), en comparaci\u00f3n con las otras naciones que conforman este organismo, el cual tiene como objetivo fomentar la integraci\u00f3n con universidades \u201cy hacer llegar a los futuros profesionales los conocimientos indispensables para que contribuyan a la creaci\u00f3n de infraestructura de calidad\u201d.<\/p>\n<p>Por su parte, el estudiante Alberto Ben\u00edtez Ruiz, nombrado presidente del cap\u00edtulo estudiantil de la American Concrete Institute de la FES Acatl\u00e1n, dijo sentirse orgulloso de participar en este esfuerzo que lo compromete con su Facultad y la comunidad de ingenier\u00eda: \u201cEstamos entusiasmados y trabajaremos para desarrollar diversas actividades como las que se ofrecen hoy, adem\u00e1s de un evento en ingenier\u00eda s\u00edsmica que ya estamos preparando; lo importante es vincularnos con la industria y la academia dentro y fuera del pa\u00eds\u201d.<\/p>\n<p>Completan este cap\u00edtulo estudiantil Aldo Bert\u00edn Bruno Mendoza, vicepresidente; Alan Uribe Mac Donald, secretario; \u00d3scar Ch\u00e1vez Argenis, tesorero; Mario del Moral L\u00f3pez, redes sociales; Raymundo M\u00e1rquez Soto y \u00c9dgar Enrique S\u00e1nchez, vocales. Estuvieron presentes en esta toma de protesta los ingenieros Fernando Garc\u00eda Ayala y Omar Ulises Morales D\u00e1vila, catedr\u00e1tico y coordinador del Programa de Ingenier\u00eda, respectivamente. <\/p>\n<p>Como parte del programa fueron presentadas las conferencias magistrales: Normas t\u00e9cnicas complementarias para dise\u00f1o y construcci\u00f3n de estructuras de concreto del reglamento de la Ciudad de M\u00e9xico, a cargo del doctor \u00d3scar Manuel Gonz\u00e1lez Cuevas, investigador de la UAM, as\u00ed como la norma NMX-C-155ONNCCE-2014 Concreto Hidr\u00e1ulico-Dosificaci\u00f3n en masa-especificaciones y m\u00e9todos de ensayo, por parte del ingeniero V\u00edctor Raygoza \u00c1valos, gerente de asistencia t\u00e9cnica de Cementos Fortaleza.  <\/p>\n","protected":false},"excerpt":{"rendered":"<p>Alumnos de octavo semestre de la licenciatura en Ingenier\u00eda Civil rindieron protesta en el cap\u00edtulo estudiantil de la American Concrete Institute (ACI), secci\u00f3n Centro y Sur de M\u00e9xico, por parte de su presidente, el maestro Jorge Javier Mart\u00ednez Ch\u00e1vez, quien reconoci\u00f3 el inter\u00e9s de este campus universitario por vincularse con sedes internacionales, lo que permite [&hellip;]<\/p>\n","protected":false},"author":48,"featured_media":0,"comment_status":"closed","ping_status":"closed","sticky":false,"template":"","format":"standard","meta":{"_exactmetrics_skip_tracking":false,"fifu_image_url":"","fifu_image_alt":"","footnotes":""},"categories":[2],"tags":[],"class_list":["post-1507","post","type-post","status-publish","format-standard","hentry","category-boletines"],"yoast_head":"<!-- This site is optimized with the Yoast SEO plugin v28.1 - https:\/\/yoast.com\/product\/yoast-seo-wordpress\/ -->\n<title>Presencia internacional de ingenieros civiles \u2022 Rinden protesta en el cap\u00edtulo estudiantil de la American Concrete Institute - NotiFES Digital<\/title>\n<meta name=\"robots\" content=\"index, follow, max-snippet:-1, max-image-preview:large, max-video-preview:-1\" \/>\n<link rel=\"canonical\" href=\"https:\/\/blogs.acatlan.unam.mx\/saladeprensa\/2018\/03\/01\/presencia-internacional-de-ingenieros-civiles-\u2022-rinden-protesta-en-el-capitulo-estudiantil-de-la-american-concrete-institute\/\" \/>\n<meta property=\"og:locale\" content=\"es_ES\" \/>\n<meta property=\"og:type\" content=\"article\" \/>\n<meta property=\"og:title\" content=\"Presencia internacional de ingenieros civiles \u2022 Rinden protesta en el cap\u00edtulo estudiantil de la American Concrete Institute - NotiFES Digital\" \/>\n<meta property=\"og:description\" content=\"Alumnos de octavo semestre de la licenciatura en Ingenier\u00eda Civil rindieron protesta en el cap\u00edtulo estudiantil de la American Concrete Institute (ACI), secci\u00f3n Centro y Sur de M\u00e9xico, por parte de su presidente, el maestro Jorge Javier Mart\u00ednez Ch\u00e1vez, quien reconoci\u00f3 el inter\u00e9s de este campus universitario por vincularse con sedes internacionales, lo que permite [&hellip;]\" \/>\n<meta property=\"og:url\" content=\"https:\/\/blogs.acatlan.unam.mx\/saladeprensa\/2018\/03\/01\/presencia-internacional-de-ingenieros-civiles-\u2022-rinden-protesta-en-el-capitulo-estudiantil-de-la-american-concrete-institute\/\" \/>\n<meta property=\"og:site_name\" content=\"NotiFES Digital\" \/>\n<meta property=\"article:published_time\" content=\"2018-03-01T18:54:39+00:00\" \/>\n<meta property=\"og:image\" content=\"https:\/\/i.imgur.com\/y94SkQsl.jpg\" \/>\n<meta name=\"author\" content=\"NotiFES Digital\" \/>\n<meta name=\"twitter:card\" content=\"summary_large_image\" \/>\n<meta name=\"twitter:label1\" content=\"Escrito por\" \/>\n\t<meta name=\"twitter:data1\" content=\"NotiFES Digital\" \/>\n\t<meta name=\"twitter:label2\" content=\"Tiempo de lectura\" \/>\n\t<meta name=\"twitter:data2\" content=\"2 minutos\" \/>\n<script type=\"application\/ld+json\" class=\"yoast-schema-graph\">{\"@context\":\"https:\\\/\\\/schema.org\",\"@graph\":[{\"@type\":\"Article\",\"@id\":\"https:\\\/\\\/blogs.acatlan.unam.mx\\\/saladeprensa\\\/2018\\\/03\\\/01\\\/presencia-internacional-de-ingenieros-civiles-%e2%80%a2-rinden-protesta-en-el-capitulo-estudiantil-de-la-american-concrete-institute\\\/#article\",\"isPartOf\":{\"@id\":\"https:\\\/\\\/blogs.acatlan.unam.mx\\\/saladeprensa\\\/2018\\\/03\\\/01\\\/presencia-internacional-de-ingenieros-civiles-%e2%80%a2-rinden-protesta-en-el-capitulo-estudiantil-de-la-american-concrete-institute\\\/\"},\"author\":{\"name\":\"NotiFES Digital\",\"@id\":\"https:\\\/\\\/blogs.acatlan.unam.mx\\\/saladeprensa\\\/#\\\/schema\\\/person\\\/89d21726fc33d9770774677815935a53\"},\"headline\":\"Presencia internacional de ingenieros civiles \u2022 Rinden protesta en el cap\u00edtulo estudiantil de la American Concrete Institute\",\"datePublished\":\"2018-03-01T18:54:39+00:00\",\"mainEntityOfPage\":{\"@id\":\"https:\\\/\\\/blogs.acatlan.unam.mx\\\/saladeprensa\\\/2018\\\/03\\\/01\\\/presencia-internacional-de-ingenieros-civiles-%e2%80%a2-rinden-protesta-en-el-capitulo-estudiantil-de-la-american-concrete-institute\\\/\"},\"wordCount\":408,\"publisher\":{\"@id\":\"https:\\\/\\\/blogs.acatlan.unam.mx\\\/saladeprensa\\\/#organization\"},\"image\":{\"@id\":\"https:\\\/\\\/blogs.acatlan.unam.mx\\\/saladeprensa\\\/2018\\\/03\\\/01\\\/presencia-internacional-de-ingenieros-civiles-%e2%80%a2-rinden-protesta-en-el-capitulo-estudiantil-de-la-american-concrete-institute\\\/#primaryimage\"},\"thumbnailUrl\":\"https:\\\/\\\/i.imgur.com\\\/y94SkQsl.jpg\",\"articleSection\":[\"Boletines\"],\"inLanguage\":\"es\"},{\"@type\":\"WebPage\",\"@id\":\"https:\\\/\\\/blogs.acatlan.unam.mx\\\/saladeprensa\\\/2018\\\/03\\\/01\\\/presencia-internacional-de-ingenieros-civiles-%e2%80%a2-rinden-protesta-en-el-capitulo-estudiantil-de-la-american-concrete-institute\\\/\",\"url\":\"https:\\\/\\\/blogs.acatlan.unam.mx\\\/saladeprensa\\\/2018\\\/03\\\/01\\\/presencia-internacional-de-ingenieros-civiles-%e2%80%a2-rinden-protesta-en-el-capitulo-estudiantil-de-la-american-concrete-institute\\\/\",\"name\":\"Presencia internacional de ingenieros civiles \u2022 Rinden protesta en el cap\u00edtulo estudiantil de la American Concrete Institute - NotiFES Digital\",\"isPartOf\":{\"@id\":\"https:\\\/\\\/blogs.acatlan.unam.mx\\\/saladeprensa\\\/#website\"},\"primaryImageOfPage\":{\"@id\":\"https:\\\/\\\/blogs.acatlan.unam.mx\\\/saladeprensa\\\/2018\\\/03\\\/01\\\/presencia-internacional-de-ingenieros-civiles-%e2%80%a2-rinden-protesta-en-el-capitulo-estudiantil-de-la-american-concrete-institute\\\/#primaryimage\"},\"image\":{\"@id\":\"https:\\\/\\\/blogs.acatlan.unam.mx\\\/saladeprensa\\\/2018\\\/03\\\/01\\\/presencia-internacional-de-ingenieros-civiles-%e2%80%a2-rinden-protesta-en-el-capitulo-estudiantil-de-la-american-concrete-institute\\\/#primaryimage\"},\"thumbnailUrl\":\"https:\\\/\\\/i.imgur.com\\\/y94SkQsl.jpg\",\"datePublished\":\"2018-03-01T18:54:39+00:00\",\"breadcrumb\":{\"@id\":\"https:\\\/\\\/blogs.acatlan.unam.mx\\\/saladeprensa\\\/2018\\\/03\\\/01\\\/presencia-internacional-de-ingenieros-civiles-%e2%80%a2-rinden-protesta-en-el-capitulo-estudiantil-de-la-american-concrete-institute\\\/#breadcrumb\"},\"inLanguage\":\"es\",\"potentialAction\":[{\"@type\":\"ReadAction\",\"target\":[\"https:\\\/\\\/blogs.acatlan.unam.mx\\\/saladeprensa\\\/2018\\\/03\\\/01\\\/presencia-internacional-de-ingenieros-civiles-%e2%80%a2-rinden-protesta-en-el-capitulo-estudiantil-de-la-american-concrete-institute\\\/\"]}]},{\"@type\":\"ImageObject\",\"inLanguage\":\"es\",\"@id\":\"https:\\\/\\\/blogs.acatlan.unam.mx\\\/saladeprensa\\\/2018\\\/03\\\/01\\\/presencia-internacional-de-ingenieros-civiles-%e2%80%a2-rinden-protesta-en-el-capitulo-estudiantil-de-la-american-concrete-institute\\\/#primaryimage\",\"url\":\"https:\\\/\\\/i.imgur.com\\\/y94SkQsl.jpg\",\"contentUrl\":\"https:\\\/\\\/i.imgur.com\\\/y94SkQsl.jpg\"},{\"@type\":\"BreadcrumbList\",\"@id\":\"https:\\\/\\\/blogs.acatlan.unam.mx\\\/saladeprensa\\\/2018\\\/03\\\/01\\\/presencia-internacional-de-ingenieros-civiles-%e2%80%a2-rinden-protesta-en-el-capitulo-estudiantil-de-la-american-concrete-institute\\\/#breadcrumb\",\"itemListElement\":[{\"@type\":\"ListItem\",\"position\":1,\"name\":\"Portada\",\"item\":\"https:\\\/\\\/blogs.acatlan.unam.mx\\\/saladeprensa\\\/\"},{\"@type\":\"ListItem\",\"position\":2,\"name\":\"Presencia internacional de ingenieros civiles \u2022 Rinden protesta en el cap\u00edtulo estudiantil de la American Concrete Institute\"}]},{\"@type\":\"WebSite\",\"@id\":\"https:\\\/\\\/blogs.acatlan.unam.mx\\\/saladeprensa\\\/#website\",\"url\":\"https:\\\/\\\/blogs.acatlan.unam.mx\\\/saladeprensa\\\/\",\"name\":\"NotiFES Digital\",\"description\":\"Sitio dedicado a la difusi\u00f3n de noticias de la FES Acatl\u00e1n\",\"publisher\":{\"@id\":\"https:\\\/\\\/blogs.acatlan.unam.mx\\\/saladeprensa\\\/#organization\"},\"potentialAction\":[{\"@type\":\"SearchAction\",\"target\":{\"@type\":\"EntryPoint\",\"urlTemplate\":\"https:\\\/\\\/blogs.acatlan.unam.mx\\\/saladeprensa\\\/?s={search_term_string}\"},\"query-input\":{\"@type\":\"PropertyValueSpecification\",\"valueRequired\":true,\"valueName\":\"search_term_string\"}}],\"inLanguage\":\"es\"},{\"@type\":\"Organization\",\"@id\":\"https:\\\/\\\/blogs.acatlan.unam.mx\\\/saladeprensa\\\/#organization\",\"name\":\"NotiFES Digital\",\"url\":\"https:\\\/\\\/blogs.acatlan.unam.mx\\\/saladeprensa\\\/\",\"logo\":{\"@type\":\"ImageObject\",\"inLanguage\":\"es\",\"@id\":\"https:\\\/\\\/blogs.acatlan.unam.mx\\\/saladeprensa\\\/#\\\/schema\\\/logo\\\/image\\\/\",\"url\":\"https:\\\/\\\/blogs.acatlan.unam.mx\\\/saladeprensa\\\/files\\\/2025\\\/01\\\/Logotipo-50-Aniversario-color.png\",\"contentUrl\":\"https:\\\/\\\/blogs.acatlan.unam.mx\\\/saladeprensa\\\/files\\\/2025\\\/01\\\/Logotipo-50-Aniversario-color.png\",\"width\":4500,\"height\":3397,\"caption\":\"NotiFES Digital\"},\"image\":{\"@id\":\"https:\\\/\\\/blogs.acatlan.unam.mx\\\/saladeprensa\\\/#\\\/schema\\\/logo\\\/image\\\/\"}},{\"@type\":\"Person\",\"@id\":\"https:\\\/\\\/blogs.acatlan.unam.mx\\\/saladeprensa\\\/#\\\/schema\\\/person\\\/89d21726fc33d9770774677815935a53\",\"name\":\"NotiFES Digital\",\"image\":{\"@type\":\"ImageObject\",\"inLanguage\":\"es\",\"@id\":\"https:\\\/\\\/secure.gravatar.com\\\/avatar\\\/6480d699d37abf2c2302dda8d8e2845fc451e65b0e3dfcfa130e3e30475b9dd3?s=96&d=mm&r=g\",\"url\":\"https:\\\/\\\/secure.gravatar.com\\\/avatar\\\/6480d699d37abf2c2302dda8d8e2845fc451e65b0e3dfcfa130e3e30475b9dd3?s=96&d=mm&r=g\",\"contentUrl\":\"https:\\\/\\\/secure.gravatar.com\\\/avatar\\\/6480d699d37abf2c2302dda8d8e2845fc451e65b0e3dfcfa130e3e30475b9dd3?s=96&d=mm&r=g\",\"caption\":\"NotiFES Digital\"},\"url\":\"https:\\\/\\\/blogs.acatlan.unam.mx\\\/saladeprensa\\\/author\\\/saladeprensa\\\/\"}]}<\/script>\n<!-- \/ Yoast SEO plugin. -->","yoast_head_json":{"title":"Presencia internacional de ingenieros civiles \u2022 Rinden protesta en el cap\u00edtulo estudiantil de la American Concrete Institute - NotiFES Digital","robots":{"index":"index","follow":"follow","max-snippet":"max-snippet:-1","max-image-preview":"max-image-preview:large","max-video-preview":"max-video-preview:-1"},"canonical":"https:\/\/blogs.acatlan.unam.mx\/saladeprensa\/2018\/03\/01\/presencia-internacional-de-ingenieros-civiles-\u2022-rinden-protesta-en-el-capitulo-estudiantil-de-la-american-concrete-institute\/","og_locale":"es_ES","og_type":"article","og_title":"Presencia internacional de ingenieros civiles \u2022 Rinden protesta en el cap\u00edtulo estudiantil de la American Concrete Institute - NotiFES Digital","og_description":"Alumnos de octavo semestre de la licenciatura en Ingenier\u00eda Civil rindieron protesta en el cap\u00edtulo estudiantil de la American Concrete Institute (ACI), secci\u00f3n Centro y Sur de M\u00e9xico, por parte de su presidente, el maestro Jorge Javier Mart\u00ednez Ch\u00e1vez, quien reconoci\u00f3 el inter\u00e9s de este campus universitario por vincularse con sedes internacionales, lo que permite [&hellip;]","og_url":"https:\/\/blogs.acatlan.unam.mx\/saladeprensa\/2018\/03\/01\/presencia-internacional-de-ingenieros-civiles-\u2022-rinden-protesta-en-el-capitulo-estudiantil-de-la-american-concrete-institute\/","og_site_name":"NotiFES Digital","article_published_time":"2018-03-01T18:54:39+00:00","og_image":[{"url":"https:\/\/i.imgur.com\/y94SkQsl.jpg","type":"","width":"","height":""}],"author":"NotiFES Digital","twitter_card":"summary_large_image","twitter_misc":{"Escrito por":"NotiFES Digital","Tiempo de lectura":"2 minutos"},"schema":{"@context":"https:\/\/schema.org","@graph":[{"@type":"Article","@id":"https:\/\/blogs.acatlan.unam.mx\/saladeprensa\/2018\/03\/01\/presencia-internacional-de-ingenieros-civiles-%e2%80%a2-rinden-protesta-en-el-capitulo-estudiantil-de-la-american-concrete-institute\/#article","isPartOf":{"@id":"https:\/\/blogs.acatlan.unam.mx\/saladeprensa\/2018\/03\/01\/presencia-internacional-de-ingenieros-civiles-%e2%80%a2-rinden-protesta-en-el-capitulo-estudiantil-de-la-american-concrete-institute\/"},"author":{"name":"NotiFES Digital","@id":"https:\/\/blogs.acatlan.unam.mx\/saladeprensa\/#\/schema\/person\/89d21726fc33d9770774677815935a53"},"headline":"Presencia internacional de ingenieros civiles \u2022 Rinden protesta en el cap\u00edtulo estudiantil de la American Concrete Institute","datePublished":"2018-03-01T18:54:39+00:00","mainEntityOfPage":{"@id":"https:\/\/blogs.acatlan.unam.mx\/saladeprensa\/2018\/03\/01\/presencia-internacional-de-ingenieros-civiles-%e2%80%a2-rinden-protesta-en-el-capitulo-estudiantil-de-la-american-concrete-institute\/"},"wordCount":408,"publisher":{"@id":"https:\/\/blogs.acatlan.unam.mx\/saladeprensa\/#organization"},"image":{"@id":"https:\/\/blogs.acatlan.unam.mx\/saladeprensa\/2018\/03\/01\/presencia-internacional-de-ingenieros-civiles-%e2%80%a2-rinden-protesta-en-el-capitulo-estudiantil-de-la-american-concrete-institute\/#primaryimage"},"thumbnailUrl":"https:\/\/i.imgur.com\/y94SkQsl.jpg","articleSection":["Boletines"],"inLanguage":"es"},{"@type":"WebPage","@id":"https:\/\/blogs.acatlan.unam.mx\/saladeprensa\/2018\/03\/01\/presencia-internacional-de-ingenieros-civiles-%e2%80%a2-rinden-protesta-en-el-capitulo-estudiantil-de-la-american-concrete-institute\/","url":"https:\/\/blogs.acatlan.unam.mx\/saladeprensa\/2018\/03\/01\/presencia-internacional-de-ingenieros-civiles-%e2%80%a2-rinden-protesta-en-el-capitulo-estudiantil-de-la-american-concrete-institute\/","name":"Presencia internacional de ingenieros civiles \u2022 Rinden protesta en el cap\u00edtulo estudiantil de la American Concrete Institute - NotiFES Digital","isPartOf":{"@id":"https:\/\/blogs.acatlan.unam.mx\/saladeprensa\/#website"},"primaryImageOfPage":{"@id":"https:\/\/blogs.acatlan.unam.mx\/saladeprensa\/2018\/03\/01\/presencia-internacional-de-ingenieros-civiles-%e2%80%a2-rinden-protesta-en-el-capitulo-estudiantil-de-la-american-concrete-institute\/#primaryimage"},"image":{"@id":"https:\/\/blogs.acatlan.unam.mx\/saladeprensa\/2018\/03\/01\/presencia-internacional-de-ingenieros-civiles-%e2%80%a2-rinden-protesta-en-el-capitulo-estudiantil-de-la-american-concrete-institute\/#primaryimage"},"thumbnailUrl":"https:\/\/i.imgur.com\/y94SkQsl.jpg","datePublished":"2018-03-01T18:54:39+00:00","breadcrumb":{"@id":"https:\/\/blogs.acatlan.unam.mx\/saladeprensa\/2018\/03\/01\/presencia-internacional-de-ingenieros-civiles-%e2%80%a2-rinden-protesta-en-el-capitulo-estudiantil-de-la-american-concrete-institute\/#breadcrumb"},"inLanguage":"es","potentialAction":[{"@type":"ReadAction","target":["https:\/\/blogs.acatlan.unam.mx\/saladeprensa\/2018\/03\/01\/presencia-internacional-de-ingenieros-civiles-%e2%80%a2-rinden-protesta-en-el-capitulo-estudiantil-de-la-american-concrete-institute\/"]}]},{"@type":"ImageObject","inLanguage":"es","@id":"https:\/\/blogs.acatlan.unam.mx\/saladeprensa\/2018\/03\/01\/presencia-internacional-de-ingenieros-civiles-%e2%80%a2-rinden-protesta-en-el-capitulo-estudiantil-de-la-american-concrete-institute\/#primaryimage","url":"https:\/\/i.imgur.com\/y94SkQsl.jpg","contentUrl":"https:\/\/i.imgur.com\/y94SkQsl.jpg"},{"@type":"BreadcrumbList","@id":"https:\/\/blogs.acatlan.unam.mx\/saladeprensa\/2018\/03\/01\/presencia-internacional-de-ingenieros-civiles-%e2%80%a2-rinden-protesta-en-el-capitulo-estudiantil-de-la-american-concrete-institute\/#breadcrumb","itemListElement":[{"@type":"ListItem","position":1,"name":"Portada","item":"https:\/\/blogs.acatlan.unam.mx\/saladeprensa\/"},{"@type":"ListItem","position":2,"name":"Presencia internacional de ingenieros civiles \u2022 Rinden protesta en el cap\u00edtulo estudiantil de la American Concrete Institute"}]},{"@type":"WebSite","@id":"https:\/\/blogs.acatlan.unam.mx\/saladeprensa\/#website","url":"https:\/\/blogs.acatlan.unam.mx\/saladeprensa\/","name":"NotiFES Digital","description":"Sitio dedicado a la difusi\u00f3n de noticias de la FES Acatl\u00e1n","publisher":{"@id":"https:\/\/blogs.acatlan.unam.mx\/saladeprensa\/#organization"},"potentialAction":[{"@type":"SearchAction","target":{"@type":"EntryPoint","urlTemplate":"https:\/\/blogs.acatlan.unam.mx\/saladeprensa\/?s={search_term_string}"},"query-input":{"@type":"PropertyValueSpecification","valueRequired":true,"valueName":"search_term_string"}}],"inLanguage":"es"},{"@type":"Organization","@id":"https:\/\/blogs.acatlan.unam.mx\/saladeprensa\/#organization","name":"NotiFES Digital","url":"https:\/\/blogs.acatlan.unam.mx\/saladeprensa\/","logo":{"@type":"ImageObject","inLanguage":"es","@id":"https:\/\/blogs.acatlan.unam.mx\/saladeprensa\/#\/schema\/logo\/image\/","url":"https:\/\/blogs.acatlan.unam.mx\/saladeprensa\/files\/2025\/01\/Logotipo-50-Aniversario-color.png","contentUrl":"https:\/\/blogs.acatlan.unam.mx\/saladeprensa\/files\/2025\/01\/Logotipo-50-Aniversario-color.png","width":4500,"height":3397,"caption":"NotiFES Digital"},"image":{"@id":"https:\/\/blogs.acatlan.unam.mx\/saladeprensa\/#\/schema\/logo\/image\/"}},{"@type":"Person","@id":"https:\/\/blogs.acatlan.unam.mx\/saladeprensa\/#\/schema\/person\/89d21726fc33d9770774677815935a53","name":"NotiFES Digital","image":{"@type":"ImageObject","inLanguage":"es","@id":"https:\/\/secure.gravatar.com\/avatar\/6480d699d37abf2c2302dda8d8e2845fc451e65b0e3dfcfa130e3e30475b9dd3?s=96&d=mm&r=g","url":"https:\/\/secure.gravatar.com\/avatar\/6480d699d37abf2c2302dda8d8e2845fc451e65b0e3dfcfa130e3e30475b9dd3?s=96&d=mm&r=g","contentUrl":"https:\/\/secure.gravatar.com\/avatar\/6480d699d37abf2c2302dda8d8e2845fc451e65b0e3dfcfa130e3e30475b9dd3?s=96&d=mm&r=g","caption":"NotiFES Digital"},"url":"https:\/\/blogs.acatlan.unam.mx\/saladeprensa\/author\/saladeprensa\/"}]}},"_links":{"self":[{"href":"https:\/\/blogs.acatlan.unam.mx\/saladeprensa\/wp-json\/wp\/v2\/posts\/1507","targetHints":{"allow":["GET"]}}],"collection":[{"href":"https:\/\/blogs.acatlan.unam.mx\/saladeprensa\/wp-json\/wp\/v2\/posts"}],"about":[{"href":"https:\/\/blogs.acatlan.unam.mx\/saladeprensa\/wp-json\/wp\/v2\/types\/post"}],"author":[{"embeddable":true,"href":"https:\/\/blogs.acatlan.unam.mx\/saladeprensa\/wp-json\/wp\/v2\/users\/48"}],"replies":[{"embeddable":true,"href":"https:\/\/blogs.acatlan.unam.mx\/saladeprensa\/wp-json\/wp\/v2\/comments?post=1507"}],"version-history":[{"count":1,"href":"https:\/\/blogs.acatlan.unam.mx\/saladeprensa\/wp-json\/wp\/v2\/posts\/1507\/revisions"}],"predecessor-version":[{"id":1508,"href":"https:\/\/blogs.acatlan.unam.mx\/saladeprensa\/wp-json\/wp\/v2\/posts\/1507\/revisions\/1508"}],"wp:attachment":[{"href":"https:\/\/blogs.acatlan.unam.mx\/saladeprensa\/wp-json\/wp\/v2\/media?parent=1507"}],"wp:term":[{"taxonomy":"category","embeddable":true,"href":"https:\/\/blogs.acatlan.unam.mx\/saladeprensa\/wp-json\/wp\/v2\/categories?post=1507"},{"taxonomy":"post_tag","embeddable":true,"href":"https:\/\/blogs.acatlan.unam.mx\/saladeprensa\/wp-json\/wp\/v2\/tags?post=1507"}],"curies":[{"name":"wp","href":"https:\/\/api.w.org\/{rel}","templated":true}]}}