{"id":81,"date":"2015-04-09T23:19:21","date_gmt":"2015-04-09T23:19:21","guid":{"rendered":"http:\/\/blogs.acatlan.unam.mx\/cineadictos\/?p=81"},"modified":"2023-09-21T02:22:53","modified_gmt":"2023-09-21T02:22:53","slug":"miercoles-22-de-abril-teatro-javier-barros-sierra","status":"publish","type":"post","link":"https:\/\/blogs.acatlan.unam.mx\/cineadictos\/2015\/04\/09\/miercoles-22-de-abril-teatro-javier-barros-sierra\/","title":{"rendered":"MI\u00c9RCOLES 22 DE ABRIL. TEATRO JAVIER BARROS SIERRA."},"content":{"rendered":"<p><a href=\"http:\/\/blogs.acatlan.unam.mx\/cineadictos\/files\/2015\/04\/Radicales-5.jpg\"><img loading=\"lazy\" decoding=\"async\" class=\"alignnone size-medium wp-image-84\" src=\"http:\/\/blogs.acatlan.unam.mx\/cineadictos\/files\/2015\/04\/Radicales-5-300x188.jpg\" alt=\"Radicales 5\" width=\"300\" height=\"188\" srcset=\"https:\/\/blogs.acatlan.unam.mx\/cineadictos\/files\/2015\/04\/Radicales-5-300x188.jpg 300w, https:\/\/blogs.acatlan.unam.mx\/cineadictos\/files\/2015\/04\/Radicales-5-1024x642.jpg 1024w, https:\/\/blogs.acatlan.unam.mx\/cineadictos\/files\/2015\/04\/Radicales-5.jpg 1848w\" sizes=\"auto, (max-width: 300px) 100vw, 300px\" \/><\/a><\/p>\n<h1><em>Radicales<\/em><\/h1>\n<h4><em>\u00a0<\/em>(<em>Night Moves<\/em>)<\/h4>\n<h4>Dir. Kelly Reichardt. Estados Unidos, 2013. 112 minutos. Con: Jesse Eisenberg (Josh), Dakota Fanning (Dena), Peter Sarsgaard (Harmon), Alia Shawkat (Surprise) y Logan Miller (Dylan).<\/h4>\n<p>Los activistas Josh y Dena comparten algunas perspectivas pol\u00edticas con Harmon, un exmarino conocedor de explosivos. Juntos deciden hacer frente a la actual cultura industrial, que provoca grandes da\u00f1os al medio ambiente. Su objetivo es hacer estallar una presa hidroel\u00e9ctrica como acto simb\u00f3lico; sin embargo, la sensaci\u00f3n de paranoia y las posibles consecuencias de sus actos los colocan en una situaci\u00f3n delicada, pues deber\u00e1n elegir entre las consecuencias morales de sus ideales y el combate. En su m\u00e1s reciente trabajo, Kelly Reichardt nos presenta una reflexi\u00f3n sobre el extremismo pol\u00edtico en relaci\u00f3n con los problemas ecol\u00f3gicos.<\/p>\n<p>&nbsp;<\/p>\n<p>Premios<\/p>\n<p>2013<\/p>\n<p>Gran Premio a la Mejor Pel\u00edcula, Festival de Cine Americano de Deauville, Francia.<\/p>\n<p>2013<\/p>\n<p>Premio a la Mejor Fotograf\u00eda, Semana de Cine de Valladolid, Espa\u00f1a.<\/p>\n<p>&nbsp;<\/p>\n<p><a href=\"http:\/\/blogs.acatlan.unam.mx\/cineadictos\/files\/2015\/04\/kelly-reichardt.jpg\"><img loading=\"lazy\" decoding=\"async\" class=\"alignnone size-medium wp-image-85\" src=\"http:\/\/blogs.acatlan.unam.mx\/cineadictos\/files\/2015\/04\/kelly-reichardt-300x200.jpg\" alt=\"kelly-reichardt\" width=\"300\" height=\"200\" srcset=\"https:\/\/blogs.acatlan.unam.mx\/cineadictos\/files\/2015\/04\/kelly-reichardt-300x200.jpg 300w, https:\/\/blogs.acatlan.unam.mx\/cineadictos\/files\/2015\/04\/kelly-reichardt.jpg 750w\" sizes=\"auto, (max-width: 300px) 100vw, 300px\" \/><\/a><\/p>\n<h4>Kelly Reichardt<\/h4>\n<p>Miami, Estados Unidos, 1964. Estudi\u00f3 en la Escuela del Museo de Artes Pl\u00e1sticas de Boston, donde obtuvo la maestr\u00eda en Bellas Artes. <em>River of Grass<\/em>, su <em>opera prima<\/em>, fue nominada al Gran Premio del Jurado en Sundance en 1994. M\u00e1s tarde, realiz\u00f3 una serie de cortometrajes sobre diversos aspectos de la vida estadounidense, como <em>Travis<\/em>, de 2004, un fuerte retrato de la guerra en Irak. En 2006 present\u00f3 su segundo largometraje, <em>Old Joy<\/em>, que obtuvo el Premio Tigre del Festival de Cine de R\u00f3terdam. Se le considera una de las principales representantes del cine independiente en Estados Unidos.<\/p>\n<p>&nbsp;<\/p>\n","protected":false},"excerpt":{"rendered":"<p>Radicales \u00a0(Night Moves) Dir. Kelly Reichardt. Estados Unidos, 2013. 112 minutos. Con: Jesse Eisenberg (Josh), Dakota Fanning (Dena), Peter Sarsgaard (Harmon), Alia Shawkat (Surprise) y Logan Miller (Dylan). Los activistas Josh y Dena comparten algunas perspectivas pol\u00edticas con Harmon, un exmarino conocedor de explosivos. Juntos deciden hacer frente a la actual cultura industrial, que provoca [&hellip;]<\/p>\n","protected":false},"author":36,"featured_media":0,"comment_status":"closed","ping_status":"open","sticky":false,"template":"","format":"standard","meta":{"_exactmetrics_skip_tracking":false,"fifu_image_url":"","fifu_image_alt":"","footnotes":""},"categories":[1],"tags":[],"class_list":["post-81","post","type-post","status-publish","format-standard","hentry","category-sin-categoria"],"yoast_head":"<!-- This site is optimized with the Yoast SEO plugin v28.1 - https:\/\/yoast.com\/product\/yoast-seo-wordpress\/ -->\n<title>MI\u00c9RCOLES 22 DE ABRIL. TEATRO JAVIER BARROS SIERRA. - Cine Adictos<\/title>\n<meta name=\"robots\" content=\"index, follow, max-snippet:-1, max-image-preview:large, max-video-preview:-1\" \/>\n<link rel=\"canonical\" href=\"https:\/\/blogs.acatlan.unam.mx\/cineadictos\/2015\/04\/09\/miercoles-22-de-abril-teatro-javier-barros-sierra\/\" \/>\n<meta property=\"og:locale\" content=\"es_ES\" \/>\n<meta property=\"og:type\" content=\"article\" \/>\n<meta property=\"og:title\" content=\"MI\u00c9RCOLES 22 DE ABRIL. TEATRO JAVIER BARROS SIERRA. - Cine Adictos\" \/>\n<meta property=\"og:description\" content=\"Radicales \u00a0(Night Moves) Dir. Kelly Reichardt. Estados Unidos, 2013. 112 minutos. Con: Jesse Eisenberg (Josh), Dakota Fanning (Dena), Peter Sarsgaard (Harmon), Alia Shawkat (Surprise) y Logan Miller (Dylan). Los activistas Josh y Dena comparten algunas perspectivas pol\u00edticas con Harmon, un exmarino conocedor de explosivos. Juntos deciden hacer frente a la actual cultura industrial, que provoca [&hellip;]\" \/>\n<meta property=\"og:url\" content=\"https:\/\/blogs.acatlan.unam.mx\/cineadictos\/2015\/04\/09\/miercoles-22-de-abril-teatro-javier-barros-sierra\/\" \/>\n<meta property=\"og:site_name\" content=\"Cine Adictos\" \/>\n<meta property=\"article:published_time\" content=\"2015-04-09T23:19:21+00:00\" \/>\n<meta property=\"article:modified_time\" content=\"2023-09-21T02:22:53+00:00\" \/>\n<meta property=\"og:image\" content=\"http:\/\/blogs.acatlan.unam.mx\/cineadictos\/files\/2015\/04\/Radicales-5-300x188.jpg\" \/>\n<meta name=\"author\" content=\"cineadictos\" \/>\n<meta name=\"twitter:card\" content=\"summary_large_image\" \/>\n<meta name=\"twitter:label1\" content=\"Escrito por\" \/>\n\t<meta name=\"twitter:data1\" content=\"cineadictos\" \/>\n\t<meta name=\"twitter:label2\" content=\"Tiempo de lectura\" \/>\n\t<meta name=\"twitter:data2\" content=\"1 minuto\" \/>\n<script type=\"application\/ld+json\" class=\"yoast-schema-graph\">{\"@context\":\"https:\\\/\\\/schema.org\",\"@graph\":[{\"@type\":\"Article\",\"@id\":\"https:\\\/\\\/blogs.acatlan.unam.mx\\\/cineadictos\\\/2015\\\/04\\\/09\\\/miercoles-22-de-abril-teatro-javier-barros-sierra\\\/#article\",\"isPartOf\":{\"@id\":\"https:\\\/\\\/blogs.acatlan.unam.mx\\\/cineadictos\\\/2015\\\/04\\\/09\\\/miercoles-22-de-abril-teatro-javier-barros-sierra\\\/\"},\"author\":{\"name\":\"cineadictos\",\"@id\":\"https:\\\/\\\/blogs.acatlan.unam.mx\\\/cineadictos\\\/#\\\/schema\\\/person\\\/9a4faaab91135c8ca6b8b8d3f0aca174\"},\"headline\":\"MI\u00c9RCOLES 22 DE ABRIL. TEATRO JAVIER BARROS SIERRA.\",\"datePublished\":\"2015-04-09T23:19:21+00:00\",\"dateModified\":\"2023-09-21T02:22:53+00:00\",\"mainEntityOfPage\":{\"@id\":\"https:\\\/\\\/blogs.acatlan.unam.mx\\\/cineadictos\\\/2015\\\/04\\\/09\\\/miercoles-22-de-abril-teatro-javier-barros-sierra\\\/\"},\"wordCount\":273,\"image\":{\"@id\":\"https:\\\/\\\/blogs.acatlan.unam.mx\\\/cineadictos\\\/2015\\\/04\\\/09\\\/miercoles-22-de-abril-teatro-javier-barros-sierra\\\/#primaryimage\"},\"thumbnailUrl\":\"http:\\\/\\\/blogs.acatlan.unam.mx\\\/cineadictos\\\/files\\\/2015\\\/04\\\/Radicales-5-300x188.jpg\",\"inLanguage\":\"es\"},{\"@type\":\"WebPage\",\"@id\":\"https:\\\/\\\/blogs.acatlan.unam.mx\\\/cineadictos\\\/2015\\\/04\\\/09\\\/miercoles-22-de-abril-teatro-javier-barros-sierra\\\/\",\"url\":\"https:\\\/\\\/blogs.acatlan.unam.mx\\\/cineadictos\\\/2015\\\/04\\\/09\\\/miercoles-22-de-abril-teatro-javier-barros-sierra\\\/\",\"name\":\"MI\u00c9RCOLES 22 DE ABRIL. TEATRO JAVIER BARROS SIERRA. - Cine Adictos\",\"isPartOf\":{\"@id\":\"https:\\\/\\\/blogs.acatlan.unam.mx\\\/cineadictos\\\/#website\"},\"primaryImageOfPage\":{\"@id\":\"https:\\\/\\\/blogs.acatlan.unam.mx\\\/cineadictos\\\/2015\\\/04\\\/09\\\/miercoles-22-de-abril-teatro-javier-barros-sierra\\\/#primaryimage\"},\"image\":{\"@id\":\"https:\\\/\\\/blogs.acatlan.unam.mx\\\/cineadictos\\\/2015\\\/04\\\/09\\\/miercoles-22-de-abril-teatro-javier-barros-sierra\\\/#primaryimage\"},\"thumbnailUrl\":\"http:\\\/\\\/blogs.acatlan.unam.mx\\\/cineadictos\\\/files\\\/2015\\\/04\\\/Radicales-5-300x188.jpg\",\"datePublished\":\"2015-04-09T23:19:21+00:00\",\"dateModified\":\"2023-09-21T02:22:53+00:00\",\"author\":{\"@id\":\"https:\\\/\\\/blogs.acatlan.unam.mx\\\/cineadictos\\\/#\\\/schema\\\/person\\\/9a4faaab91135c8ca6b8b8d3f0aca174\"},\"breadcrumb\":{\"@id\":\"https:\\\/\\\/blogs.acatlan.unam.mx\\\/cineadictos\\\/2015\\\/04\\\/09\\\/miercoles-22-de-abril-teatro-javier-barros-sierra\\\/#breadcrumb\"},\"inLanguage\":\"es\",\"potentialAction\":[{\"@type\":\"ReadAction\",\"target\":[\"https:\\\/\\\/blogs.acatlan.unam.mx\\\/cineadictos\\\/2015\\\/04\\\/09\\\/miercoles-22-de-abril-teatro-javier-barros-sierra\\\/\"]}]},{\"@type\":\"ImageObject\",\"inLanguage\":\"es\",\"@id\":\"https:\\\/\\\/blogs.acatlan.unam.mx\\\/cineadictos\\\/2015\\\/04\\\/09\\\/miercoles-22-de-abril-teatro-javier-barros-sierra\\\/#primaryimage\",\"url\":\"https:\\\/\\\/blogs.acatlan.unam.mx\\\/cineadictos\\\/files\\\/2015\\\/04\\\/Radicales-5.jpg\",\"contentUrl\":\"https:\\\/\\\/blogs.acatlan.unam.mx\\\/cineadictos\\\/files\\\/2015\\\/04\\\/Radicales-5.jpg\",\"width\":1848,\"height\":1158},{\"@type\":\"BreadcrumbList\",\"@id\":\"https:\\\/\\\/blogs.acatlan.unam.mx\\\/cineadictos\\\/2015\\\/04\\\/09\\\/miercoles-22-de-abril-teatro-javier-barros-sierra\\\/#breadcrumb\",\"itemListElement\":[{\"@type\":\"ListItem\",\"position\":1,\"name\":\"Portada\",\"item\":\"https:\\\/\\\/blogs.acatlan.unam.mx\\\/cineadictos\\\/\"},{\"@type\":\"ListItem\",\"position\":2,\"name\":\"MI\u00c9RCOLES 22 DE ABRIL. TEATRO JAVIER BARROS SIERRA.\"}]},{\"@type\":\"WebSite\",\"@id\":\"https:\\\/\\\/blogs.acatlan.unam.mx\\\/cineadictos\\\/#website\",\"url\":\"https:\\\/\\\/blogs.acatlan.unam.mx\\\/cineadictos\\\/\",\"name\":\"Cine Adictos\",\"description\":\"Otro sitio m\u00e1s de Blogs de la FES Acatl\u00e1nOtro sitio m\u00e1s de Blogs de la FES Acatl\u00e1n\",\"potentialAction\":[{\"@type\":\"SearchAction\",\"target\":{\"@type\":\"EntryPoint\",\"urlTemplate\":\"https:\\\/\\\/blogs.acatlan.unam.mx\\\/cineadictos\\\/?s={search_term_string}\"},\"query-input\":{\"@type\":\"PropertyValueSpecification\",\"valueRequired\":true,\"valueName\":\"search_term_string\"}}],\"inLanguage\":\"es\"},{\"@type\":\"Person\",\"@id\":\"https:\\\/\\\/blogs.acatlan.unam.mx\\\/cineadictos\\\/#\\\/schema\\\/person\\\/9a4faaab91135c8ca6b8b8d3f0aca174\",\"name\":\"cineadictos\",\"image\":{\"@type\":\"ImageObject\",\"inLanguage\":\"es\",\"@id\":\"https:\\\/\\\/secure.gravatar.com\\\/avatar\\\/4e8c3159e5597fbb3c133abc22c3576980e09afb2431126e8e7b1e68d9c6af5d?s=96&d=mm&r=g\",\"url\":\"https:\\\/\\\/secure.gravatar.com\\\/avatar\\\/4e8c3159e5597fbb3c133abc22c3576980e09afb2431126e8e7b1e68d9c6af5d?s=96&d=mm&r=g\",\"contentUrl\":\"https:\\\/\\\/secure.gravatar.com\\\/avatar\\\/4e8c3159e5597fbb3c133abc22c3576980e09afb2431126e8e7b1e68d9c6af5d?s=96&d=mm&r=g\",\"caption\":\"cineadictos\"},\"url\":\"https:\\\/\\\/blogs.acatlan.unam.mx\\\/cineadictos\\\/author\\\/cineadictos\\\/\"}]}<\/script>\n<!-- \/ Yoast SEO plugin. -->","yoast_head_json":{"title":"MI\u00c9RCOLES 22 DE ABRIL. TEATRO JAVIER BARROS SIERRA. - Cine Adictos","robots":{"index":"index","follow":"follow","max-snippet":"max-snippet:-1","max-image-preview":"max-image-preview:large","max-video-preview":"max-video-preview:-1"},"canonical":"https:\/\/blogs.acatlan.unam.mx\/cineadictos\/2015\/04\/09\/miercoles-22-de-abril-teatro-javier-barros-sierra\/","og_locale":"es_ES","og_type":"article","og_title":"MI\u00c9RCOLES 22 DE ABRIL. TEATRO JAVIER BARROS SIERRA. - Cine Adictos","og_description":"Radicales \u00a0(Night Moves) Dir. Kelly Reichardt. Estados Unidos, 2013. 112 minutos. Con: Jesse Eisenberg (Josh), Dakota Fanning (Dena), Peter Sarsgaard (Harmon), Alia Shawkat (Surprise) y Logan Miller (Dylan). Los activistas Josh y Dena comparten algunas perspectivas pol\u00edticas con Harmon, un exmarino conocedor de explosivos. Juntos deciden hacer frente a la actual cultura industrial, que provoca [&hellip;]","og_url":"https:\/\/blogs.acatlan.unam.mx\/cineadictos\/2015\/04\/09\/miercoles-22-de-abril-teatro-javier-barros-sierra\/","og_site_name":"Cine Adictos","article_published_time":"2015-04-09T23:19:21+00:00","article_modified_time":"2023-09-21T02:22:53+00:00","og_image":[{"url":"http:\/\/blogs.acatlan.unam.mx\/cineadictos\/files\/2015\/04\/Radicales-5-300x188.jpg","type":"","width":"","height":""}],"author":"cineadictos","twitter_card":"summary_large_image","twitter_misc":{"Escrito por":"cineadictos","Tiempo de lectura":"1 minuto"},"schema":{"@context":"https:\/\/schema.org","@graph":[{"@type":"Article","@id":"https:\/\/blogs.acatlan.unam.mx\/cineadictos\/2015\/04\/09\/miercoles-22-de-abril-teatro-javier-barros-sierra\/#article","isPartOf":{"@id":"https:\/\/blogs.acatlan.unam.mx\/cineadictos\/2015\/04\/09\/miercoles-22-de-abril-teatro-javier-barros-sierra\/"},"author":{"name":"cineadictos","@id":"https:\/\/blogs.acatlan.unam.mx\/cineadictos\/#\/schema\/person\/9a4faaab91135c8ca6b8b8d3f0aca174"},"headline":"MI\u00c9RCOLES 22 DE ABRIL. TEATRO JAVIER BARROS SIERRA.","datePublished":"2015-04-09T23:19:21+00:00","dateModified":"2023-09-21T02:22:53+00:00","mainEntityOfPage":{"@id":"https:\/\/blogs.acatlan.unam.mx\/cineadictos\/2015\/04\/09\/miercoles-22-de-abril-teatro-javier-barros-sierra\/"},"wordCount":273,"image":{"@id":"https:\/\/blogs.acatlan.unam.mx\/cineadictos\/2015\/04\/09\/miercoles-22-de-abril-teatro-javier-barros-sierra\/#primaryimage"},"thumbnailUrl":"http:\/\/blogs.acatlan.unam.mx\/cineadictos\/files\/2015\/04\/Radicales-5-300x188.jpg","inLanguage":"es"},{"@type":"WebPage","@id":"https:\/\/blogs.acatlan.unam.mx\/cineadictos\/2015\/04\/09\/miercoles-22-de-abril-teatro-javier-barros-sierra\/","url":"https:\/\/blogs.acatlan.unam.mx\/cineadictos\/2015\/04\/09\/miercoles-22-de-abril-teatro-javier-barros-sierra\/","name":"MI\u00c9RCOLES 22 DE ABRIL. TEATRO JAVIER BARROS SIERRA. - Cine Adictos","isPartOf":{"@id":"https:\/\/blogs.acatlan.unam.mx\/cineadictos\/#website"},"primaryImageOfPage":{"@id":"https:\/\/blogs.acatlan.unam.mx\/cineadictos\/2015\/04\/09\/miercoles-22-de-abril-teatro-javier-barros-sierra\/#primaryimage"},"image":{"@id":"https:\/\/blogs.acatlan.unam.mx\/cineadictos\/2015\/04\/09\/miercoles-22-de-abril-teatro-javier-barros-sierra\/#primaryimage"},"thumbnailUrl":"http:\/\/blogs.acatlan.unam.mx\/cineadictos\/files\/2015\/04\/Radicales-5-300x188.jpg","datePublished":"2015-04-09T23:19:21+00:00","dateModified":"2023-09-21T02:22:53+00:00","author":{"@id":"https:\/\/blogs.acatlan.unam.mx\/cineadictos\/#\/schema\/person\/9a4faaab91135c8ca6b8b8d3f0aca174"},"breadcrumb":{"@id":"https:\/\/blogs.acatlan.unam.mx\/cineadictos\/2015\/04\/09\/miercoles-22-de-abril-teatro-javier-barros-sierra\/#breadcrumb"},"inLanguage":"es","potentialAction":[{"@type":"ReadAction","target":["https:\/\/blogs.acatlan.unam.mx\/cineadictos\/2015\/04\/09\/miercoles-22-de-abril-teatro-javier-barros-sierra\/"]}]},{"@type":"ImageObject","inLanguage":"es","@id":"https:\/\/blogs.acatlan.unam.mx\/cineadictos\/2015\/04\/09\/miercoles-22-de-abril-teatro-javier-barros-sierra\/#primaryimage","url":"https:\/\/blogs.acatlan.unam.mx\/cineadictos\/files\/2015\/04\/Radicales-5.jpg","contentUrl":"https:\/\/blogs.acatlan.unam.mx\/cineadictos\/files\/2015\/04\/Radicales-5.jpg","width":1848,"height":1158},{"@type":"BreadcrumbList","@id":"https:\/\/blogs.acatlan.unam.mx\/cineadictos\/2015\/04\/09\/miercoles-22-de-abril-teatro-javier-barros-sierra\/#breadcrumb","itemListElement":[{"@type":"ListItem","position":1,"name":"Portada","item":"https:\/\/blogs.acatlan.unam.mx\/cineadictos\/"},{"@type":"ListItem","position":2,"name":"MI\u00c9RCOLES 22 DE ABRIL. TEATRO JAVIER BARROS SIERRA."}]},{"@type":"WebSite","@id":"https:\/\/blogs.acatlan.unam.mx\/cineadictos\/#website","url":"https:\/\/blogs.acatlan.unam.mx\/cineadictos\/","name":"Cine Adictos","description":"Otro sitio m\u00e1s de Blogs de la FES Acatl\u00e1nOtro sitio m\u00e1s de Blogs de la FES Acatl\u00e1n","potentialAction":[{"@type":"SearchAction","target":{"@type":"EntryPoint","urlTemplate":"https:\/\/blogs.acatlan.unam.mx\/cineadictos\/?s={search_term_string}"},"query-input":{"@type":"PropertyValueSpecification","valueRequired":true,"valueName":"search_term_string"}}],"inLanguage":"es"},{"@type":"Person","@id":"https:\/\/blogs.acatlan.unam.mx\/cineadictos\/#\/schema\/person\/9a4faaab91135c8ca6b8b8d3f0aca174","name":"cineadictos","image":{"@type":"ImageObject","inLanguage":"es","@id":"https:\/\/secure.gravatar.com\/avatar\/4e8c3159e5597fbb3c133abc22c3576980e09afb2431126e8e7b1e68d9c6af5d?s=96&d=mm&r=g","url":"https:\/\/secure.gravatar.com\/avatar\/4e8c3159e5597fbb3c133abc22c3576980e09afb2431126e8e7b1e68d9c6af5d?s=96&d=mm&r=g","contentUrl":"https:\/\/secure.gravatar.com\/avatar\/4e8c3159e5597fbb3c133abc22c3576980e09afb2431126e8e7b1e68d9c6af5d?s=96&d=mm&r=g","caption":"cineadictos"},"url":"https:\/\/blogs.acatlan.unam.mx\/cineadictos\/author\/cineadictos\/"}]}},"_links":{"self":[{"href":"https:\/\/blogs.acatlan.unam.mx\/cineadictos\/wp-json\/wp\/v2\/posts\/81","targetHints":{"allow":["GET"]}}],"collection":[{"href":"https:\/\/blogs.acatlan.unam.mx\/cineadictos\/wp-json\/wp\/v2\/posts"}],"about":[{"href":"https:\/\/blogs.acatlan.unam.mx\/cineadictos\/wp-json\/wp\/v2\/types\/post"}],"author":[{"embeddable":true,"href":"https:\/\/blogs.acatlan.unam.mx\/cineadictos\/wp-json\/wp\/v2\/users\/36"}],"replies":[{"embeddable":true,"href":"https:\/\/blogs.acatlan.unam.mx\/cineadictos\/wp-json\/wp\/v2\/comments?post=81"}],"version-history":[{"count":5,"href":"https:\/\/blogs.acatlan.unam.mx\/cineadictos\/wp-json\/wp\/v2\/posts\/81\/revisions"}],"predecessor-version":[{"id":95,"href":"https:\/\/blogs.acatlan.unam.mx\/cineadictos\/wp-json\/wp\/v2\/posts\/81\/revisions\/95"}],"wp:attachment":[{"href":"https:\/\/blogs.acatlan.unam.mx\/cineadictos\/wp-json\/wp\/v2\/media?parent=81"}],"wp:term":[{"taxonomy":"category","embeddable":true,"href":"https:\/\/blogs.acatlan.unam.mx\/cineadictos\/wp-json\/wp\/v2\/categories?post=81"},{"taxonomy":"post_tag","embeddable":true,"href":"https:\/\/blogs.acatlan.unam.mx\/cineadictos\/wp-json\/wp\/v2\/tags?post=81"}],"curies":[{"name":"wp","href":"https:\/\/api.w.org\/{rel}","templated":true}]}}